{"id":17457,"date":"2025-02-10T10:48:37","date_gmt":"2025-02-10T07:48:37","guid":{"rendered":"https:\/\/www.egemtv.com\/?p=17457"},"modified":"2025-02-10T10:48:43","modified_gmt":"2025-02-10T07:48:43","slug":"manisa-duzenlenen-yuzlerce-etkinlikle-yasayan-bir-kent-haline-geldi","status":"publish","type":"post","link":"https:\/\/www.egemtv.com\/?p=17457","title":{"rendered":"Manisa d\u00fczenlenen y\u00fczlerce etkinlikle ya\u015fayan bir kent haline geldi"},"content":{"rendered":"<p>\u015eehrin sosyal ve k\u00fclt\u00fcrel ya\u015fam\u0131n\u0131 zenginle\u015ftirmeyi ama\u00e7layan Manisa B\u00fcy\u00fck\u015fehir Belediyesi, Nisan 2024\u2019ten itibaren d\u00fczenlenen 258 etkinlikle Manisal\u0131lar\u0131n hayatlar\u0131na dokundu. Salonlar\u0131n yan\u0131 s\u0131ra sokak, cadde ve meydanlar\u0131 sanatla bulu\u015fturmay\u0131 hedefleyen etkinliklerle kentin k\u00fclt\u00fcrel dokusu ve sosyal ya\u015fam\u0131 canl\u0131l\u0131k kazand\u0131.<br \/>\n<br \/>Manisa B\u00fcy\u00fck\u015fehir Belediyesi, Nisan 2024\u2019ten bu yana d\u00fczenledi\u011fi 260 etkinlikle kenti k\u00fclt\u00fcr, sanat ve sosyal projelerin merkezi haline getirerek binlerce ki\u015fiyi bulu\u015fturdu. \u015eehir genelinde d\u00fczenlenen etkinlikler aras\u0131nda 1 uluslararas\u0131 festival, 24 sergi, 9 panel, 51 konser, 18 tiyatro, 32 belirli g\u00fcn haftalar etkinli\u011fi, 11 anma ve il kutlama program\u0131, 11 masal okuma etkinli\u011fi, 1 fuar ve 65 \u00e7e\u015fitli etkinlikler olmak \u00fczere toplam 260 etkinlik ve program d\u00fczenlendi. Ayr\u0131ca, 37 sosyal sorumluluk projesiyle toplumsal fayda sa\u011flayan \u00e7al\u0131\u015fmalara imza at\u0131ld\u0131.<\/p>\n<p>Kad\u0131nlar, \u00e7ocuklar ve veliler i\u00e7in \u00f6zel programlar<br \/>\n<br \/>Manisa\u2019da etkinlikleri herkes i\u00e7in ula\u015f\u0131labilir k\u0131lmay\u0131 ama\u00e7layan belediye, \u00f6zellikle kad\u0131nlar ve \u00e7ocuklar i\u00e7in \u00f6zel programlar d\u00fczenledi. Yunusemre Belediyesi i\u015f birli\u011fiyle ger\u00e7ekle\u015ftirilen &#8220;Manisal\u0131 Kad\u0131nlar S\u00fcreyya Piknik Alan\u0131nda Bulu\u015fuyor&#8221; etkinli\u011fi, 300 kad\u0131n\u0131 bir araya getirerek keyifli bir g\u00fcn ge\u00e7irmelerine imkan sa\u011flad\u0131. \u0130l\u00e7elerdeki \u00c7ocuk K\u00fclt\u00fcr ve Sanat Merkezleri\u2019nde e\u011fitim g\u00f6ren \u00f6\u011frenciler ve veliler i\u00e7in organize edilen Sasal\u0131 Hayvanat Bah\u00e7esi gezileri ise yakla\u015f\u0131k bin ki\u015finin kat\u0131l\u0131m\u0131yla ger\u00e7ekle\u015fti.<\/p>\n<p>&#8220;Yurtta\u015flar\u0131m\u0131z\u0131 sanatla ve sosyal projelerle bulu\u015fturmak bizim \u00f6ncelikli hedefimizden biri&#8221;<br \/>\n<br \/>Manisa B\u00fcy\u00fck\u015fehir Belediyesi, d\u00fczenledi\u011fi bu etkinliklerle kentin k\u00fclt\u00fcrel ya\u015fam\u0131n\u0131 canland\u0131r\u0131yor ve vatanda\u015flar\u0131 sanat, e\u011fitim ve sosyal projelerle bulu\u015fturuyor. Manisa B\u00fcy\u00fck\u015fehir Belediye Ba\u015fkan\u0131 Ferdi Zeyrek, etkinliklerin halktan g\u00f6rd\u00fc\u011f\u00fc ilgiden duydu\u011fu memnuniyeti dile getirerek, &#8220;D\u00fczenledi\u011fimiz etkinliklerle insanlar\u0131 bir araya getirerek, hayatlar\u0131na dokunmak ve renk katmak istiyoruz. Sokaklar\u0131m\u0131zdan konser alanlar\u0131na, meydanlar\u0131m\u0131zdan sergi salonlar\u0131na kadar etkinliklerimizi \u015fehrin her k\u00f6\u015fesinde halk\u0131m\u0131zla bulu\u015fturuyoruz. D\u00fczenledi\u011fimiz konserler, tiyatro oyunlar\u0131, sergiler ve sosyal projelerle Manisa\u2019n\u0131n ya\u015fayan bir \u015fehir olmas\u0131 yolunda ad\u0131mlar at\u0131yoruz. Sadece kent merkezinde de\u011fil, il\u00e7elerimizde de sanat\u0131n ve k\u00fclt\u00fcr\u00fcn eri\u015filebilir olmas\u0131n\u0131 sa\u011fl\u0131yoruz. \u00d6zellikle kad\u0131nlar\u0131m\u0131z\u0131n, \u00e7ocuklar\u0131m\u0131z\u0131n ve gen\u00e7lerimizin bu s\u00fcre\u00e7te etkin bir \u015fekilde yer almas\u0131, bize gelecek i\u00e7in umut veriyor. Yeni projeler, daha fazla etkinlik ve daha geni\u015f bir kitleye ula\u015fma hedefiyle \u00e7al\u0131\u015fmaya devam edece\u011fiz. Manisa\u2019m\u0131z\u0131, geli\u015fen, ya\u015fayan ve payla\u015fan bir \u015fehir haline getirme kararl\u0131l\u0131\u011f\u0131nday\u0131z. Bu yolda bizimle olan, etkinliklerimize kat\u0131lan ve sanatla bulu\u015fan t\u00fcm hem\u015fehrilerime y\u00fcrekten te\u015fekk\u00fcr ediyorum&#8221; dedi.<br \/><\/p>\n","protected":false},"excerpt":{"rendered":"<p>\u015eehrin sosyal ve k\u00fclt\u00fcrel ya\u015fam\u0131n\u0131 zenginle\u015ftirmeyi ama\u00e7layan Manisa B\u00fcy\u00fck\u015fehir Belediyesi, Nisan 2024\u2019ten itibaren d\u00fczenlenen 258 etkinlikle Manisal\u0131lar\u0131n hayatlar\u0131na dokundu. Salonlar\u0131n yan\u0131 s\u0131ra sokak, cadde ve meydanlar\u0131 sanatla bulu\u015fturmay\u0131 hedefleyen etkinliklerle kentin k\u00fclt\u00fcrel dokusu ve sosyal ya\u015fam\u0131 canl\u0131l\u0131k kazand\u0131. Manisa B\u00fcy\u00fck\u015fehir Belediyesi, Nisan 2024\u2019ten bu yana d\u00fczenledi\u011fi 260 etkinlikle kenti k\u00fclt\u00fcr, sanat ve sosyal projelerin merkezi&#8230;<\/p>\n","protected":false},"author":1,"featured_media":17458,"comment_status":"open","ping_status":"open","sticky":false,"template":"","format":"standard","meta":{"_crdt_document":"","footnotes":""},"categories":[1],"tags":[],"class_list":["post-17457","post","type-post","status-publish","format-standard","has-post-thumbnail","hentry","category-guncel"],"_links":{"self":[{"href":"https:\/\/www.egemtv.com\/index.php?rest_route=\/wp\/v2\/posts\/17457","targetHints":{"allow":["GET"]}}],"collection":[{"href":"https:\/\/www.egemtv.com\/index.php?rest_route=\/wp\/v2\/posts"}],"about":[{"href":"https:\/\/www.egemtv.com\/index.php?rest_route=\/wp\/v2\/types\/post"}],"author":[{"embeddable":true,"href":"https:\/\/www.egemtv.com\/index.php?rest_route=\/wp\/v2\/users\/1"}],"replies":[{"embeddable":true,"href":"https:\/\/www.egemtv.com\/index.php?rest_route=%2Fwp%2Fv2%2Fcomments&post=17457"}],"version-history":[{"count":1,"href":"https:\/\/www.egemtv.com\/index.php?rest_route=\/wp\/v2\/posts\/17457\/revisions"}],"predecessor-version":[{"id":17459,"href":"https:\/\/www.egemtv.com\/index.php?rest_route=\/wp\/v2\/posts\/17457\/revisions\/17459"}],"wp:featuredmedia":[{"embeddable":true,"href":"https:\/\/www.egemtv.com\/index.php?rest_route=\/wp\/v2\/media\/17458"}],"wp:attachment":[{"href":"https:\/\/www.egemtv.com\/index.php?rest_route=%2Fwp%2Fv2%2Fmedia&parent=17457"}],"wp:term":[{"taxonomy":"category","embeddable":true,"href":"https:\/\/www.egemtv.com\/index.php?rest_route=%2Fwp%2Fv2%2Fcategories&post=17457"},{"taxonomy":"post_tag","embeddable":true,"href":"https:\/\/www.egemtv.com\/index.php?rest_route=%2Fwp%2Fv2%2Ftags&post=17457"}],"curies":[{"name":"wp","href":"https:\/\/api.w.org\/{rel}","templated":true}]}}