{"id":17453,"date":"2025-02-10T10:46:36","date_gmt":"2025-02-10T07:46:36","guid":{"rendered":"https:\/\/www.egemtv.com\/?p=17453"},"modified":"2025-02-10T10:46:41","modified_gmt":"2025-02-10T07:46:41","slug":"baskan-zencirci-mesudiye-mahallesindeki-yol-calismalarini-inceledi-2","status":"publish","type":"post","link":"https:\/\/www.egemtv.com\/?p=17453","title":{"rendered":"Ba\u015fkan Zencirci, Mesudiye Mahallesi\u2019ndeki yol \u00e7al\u0131\u015fmalar\u0131n\u0131 inceledi"},"content":{"rendered":"<p>Germencik Belediye Ba\u015fkan\u0131 Burak Zencirci, Mesudiye Mahallesi\u2019nde devam eden yol yap\u0131m \u00e7al\u0131\u015fmalar\u0131n\u0131 yerinde inceledi.<\/p>\n<p>Germencik Belediye Ba\u015fkan\u0131 Burak Zencirci ba\u011fl\u0131 Mesudiye Mahallesi\u2019nde devam eden yol yap\u0131m \u00e7al\u0131\u015fmalar\u0131n\u0131 yerinde inceleyerek mahalle sakinleriyle de bir araya geldi. Ba\u015fkan Zencirci bu t\u00fcr projelerin sadece il\u00e7enin de\u011fil, ayn\u0131 zamanda b\u00f6lge halk\u0131n\u0131n ya\u015fam kalitesini art\u0131rmak ad\u0131na b\u00fcy\u00fck bir \u00f6neme sahip oldu\u011funu ifade etti. &#8220;Modern bir kentin olmazsa olmaz\u0131 modern ve sorunsuz bir ula\u015f\u0131md\u0131r. Mahallemizde ara\u00e7 ve yayalar\u0131m\u0131z\u0131n konforlu ve g\u00fcvenli bir \u015fekilde ula\u015f\u0131m sa\u011flamalar\u0131 i\u00e7in yol yap\u0131m \u00e7al\u0131\u015fmalar\u0131m\u0131z s\u00fcr\u00fcyor&#8221; \u015feklinde konu\u015fan Zencirci yol \u00e7al\u0131\u015fmalar\u0131n\u0131n k\u0131sa s\u00fcre i\u00e7inde tamamlanmas\u0131n\u0131n ard\u0131ndan mahalle sakinlerinin daha rahat ve g\u00fcvenli bir ula\u015f\u0131m deneyimi ya\u015fayaca\u011f\u0131n\u0131 belirtti.<\/p>\n<p>Ba\u015fkan Zencirci yol yap\u0131m \u00e7al\u0131\u015fmalar\u0131 inceleme s\u0131ras\u0131nda 7\u2019den 70\u2019e her ya\u015ftan mahalle sakinleriyle sohbet ederek, halk\u0131n taleplerini de dinledi. Yap\u0131lan yol \u00e7al\u0131\u015fmalar\u0131 i\u00e7in Ba\u015fkan Zencirci\u2019ye te\u015fekk\u00fcr eden vatanda\u015flar memnuniyetlerini dile getirdi. Ba\u015fkan Zencirci, halk\u0131n taleplerine ve \u00f6nerilerine her zaman a\u00e7\u0131k olduklar\u0131n\u0131 belirtip, belediyenin her zaman vatanda\u015flar\u0131n yan\u0131nda oldu\u011funu ifade etti.<br \/><\/p>\n","protected":false},"excerpt":{"rendered":"<p>Germencik Belediye Ba\u015fkan\u0131 Burak Zencirci, Mesudiye Mahallesi\u2019nde devam eden yol yap\u0131m \u00e7al\u0131\u015fmalar\u0131n\u0131 yerinde inceledi. Germencik Belediye Ba\u015fkan\u0131 Burak Zencirci ba\u011fl\u0131 Mesudiye Mahallesi\u2019nde devam eden yol yap\u0131m \u00e7al\u0131\u015fmalar\u0131n\u0131 yerinde inceleyerek mahalle sakinleriyle de bir araya geldi. Ba\u015fkan Zencirci bu t\u00fcr projelerin sadece il\u00e7enin de\u011fil, ayn\u0131 zamanda b\u00f6lge halk\u0131n\u0131n ya\u015fam kalitesini art\u0131rmak ad\u0131na b\u00fcy\u00fck bir \u00f6neme sahip&#8230;<\/p>\n","protected":false},"author":1,"featured_media":17454,"comment_status":"open","ping_status":"open","sticky":false,"template":"","format":"standard","meta":{"_crdt_document":"","footnotes":""},"categories":[1],"tags":[],"class_list":["post-17453","post","type-post","status-publish","format-standard","has-post-thumbnail","hentry","category-guncel"],"_links":{"self":[{"href":"https:\/\/www.egemtv.com\/index.php?rest_route=\/wp\/v2\/posts\/17453","targetHints":{"allow":["GET"]}}],"collection":[{"href":"https:\/\/www.egemtv.com\/index.php?rest_route=\/wp\/v2\/posts"}],"about":[{"href":"https:\/\/www.egemtv.com\/index.php?rest_route=\/wp\/v2\/types\/post"}],"author":[{"embeddable":true,"href":"https:\/\/www.egemtv.com\/index.php?rest_route=\/wp\/v2\/users\/1"}],"replies":[{"embeddable":true,"href":"https:\/\/www.egemtv.com\/index.php?rest_route=%2Fwp%2Fv2%2Fcomments&post=17453"}],"version-history":[{"count":1,"href":"https:\/\/www.egemtv.com\/index.php?rest_route=\/wp\/v2\/posts\/17453\/revisions"}],"predecessor-version":[{"id":17456,"href":"https:\/\/www.egemtv.com\/index.php?rest_route=\/wp\/v2\/posts\/17453\/revisions\/17456"}],"wp:featuredmedia":[{"embeddable":true,"href":"https:\/\/www.egemtv.com\/index.php?rest_route=\/wp\/v2\/media\/17454"}],"wp:attachment":[{"href":"https:\/\/www.egemtv.com\/index.php?rest_route=%2Fwp%2Fv2%2Fmedia&parent=17453"}],"wp:term":[{"taxonomy":"category","embeddable":true,"href":"https:\/\/www.egemtv.com\/index.php?rest_route=%2Fwp%2Fv2%2Fcategories&post=17453"},{"taxonomy":"post_tag","embeddable":true,"href":"https:\/\/www.egemtv.com\/index.php?rest_route=%2Fwp%2Fv2%2Ftags&post=17453"}],"curies":[{"name":"wp","href":"https:\/\/api.w.org\/{rel}","templated":true}]}}