{"id":17448,"date":"2025-02-10T10:40:57","date_gmt":"2025-02-10T07:40:57","guid":{"rendered":"https:\/\/www.egemtv.com\/?p=17448"},"modified":"2025-02-10T10:41:04","modified_gmt":"2025-02-10T07:41:04","slug":"itfaiyeden-yangin-tatbikat","status":"publish","type":"post","link":"https:\/\/www.egemtv.com\/?p=17448","title":{"rendered":"\u0130tfaiyeden yang\u0131n tatbikat"},"content":{"rendered":"<p>Afyonkarahisar\u2019\u0131n Bolvadin il\u00e7esinde itfaiye ekipleri taraf\u0131ndan kamu kurum ve kurulu\u015flar\u0131nda d\u00fczenli olarak ger\u00e7ekle\u015ftirilen yang\u0131n ve kurtarma tatbikatlar\u0131 \u00e7er\u00e7evesinde Ahmet Emet \u0130mam Hatip Ortaokulu\u2019nda tatbikat ger\u00e7ekle\u015ftirdi.<br \/>\n<br \/>\u00d6\u011frenciler ve okul personelinin bilin\u00e7lendirilmesi amac\u0131yla d\u00fczenlenen tatbikatta, yang\u0131n an\u0131nda tahliye s\u00fcreci, yang\u0131n s\u00f6nd\u00fcrme teknikleri ve acil durum m\u00fcdahale y\u00f6ntemleri uygulamal\u0131 olarak anlat\u0131ld\u0131. \u0130tfaiye ekipleri, \u00f6\u011frencilere yang\u0131n s\u00f6nd\u00fcrme t\u00fcplerinin nas\u0131l kullan\u0131lmas\u0131 gerekti\u011fini g\u00f6stererek, yang\u0131n esnas\u0131nda izlenmesi gereken g\u00fcvenlik ad\u0131mlar\u0131 hakk\u0131nda bilgilendirme yapt\u0131.<br \/>\n<br \/>Tatbikat\u0131n ard\u0131ndan itfaiye ekipleri, yang\u0131n ve acil durum tatbikatlar\u0131n\u0131n kamu kurum ve kurulu\u015flar\u0131nda d\u00fczenli olarak yap\u0131ld\u0131\u011f\u0131n\u0131 vurgulayarak, afet ve acil durumlara haz\u0131rl\u0131kl\u0131 olman\u0131n hayati \u00f6nem ta\u015f\u0131d\u0131\u011f\u0131n\u0131 belirtti.<br \/><\/p>\n","protected":false},"excerpt":{"rendered":"<p>Afyonkarahisar\u2019\u0131n Bolvadin il\u00e7esinde itfaiye ekipleri taraf\u0131ndan kamu kurum ve kurulu\u015flar\u0131nda d\u00fczenli olarak ger\u00e7ekle\u015ftirilen yang\u0131n ve kurtarma tatbikatlar\u0131 \u00e7er\u00e7evesinde Ahmet Emet \u0130mam Hatip Ortaokulu\u2019nda tatbikat ger\u00e7ekle\u015ftirdi. \u00d6\u011frenciler ve okul personelinin bilin\u00e7lendirilmesi amac\u0131yla d\u00fczenlenen tatbikatta, yang\u0131n an\u0131nda tahliye s\u00fcreci, yang\u0131n s\u00f6nd\u00fcrme teknikleri ve acil durum m\u00fcdahale y\u00f6ntemleri uygulamal\u0131 olarak anlat\u0131ld\u0131. \u0130tfaiye ekipleri, \u00f6\u011frencilere yang\u0131n s\u00f6nd\u00fcrme t\u00fcplerinin nas\u0131l&#8230;<\/p>\n","protected":false},"author":1,"featured_media":17449,"comment_status":"open","ping_status":"open","sticky":false,"template":"","format":"standard","meta":{"_crdt_document":"","footnotes":""},"categories":[1],"tags":[],"class_list":["post-17448","post","type-post","status-publish","format-standard","has-post-thumbnail","hentry","category-guncel"],"_links":{"self":[{"href":"https:\/\/www.egemtv.com\/index.php?rest_route=\/wp\/v2\/posts\/17448","targetHints":{"allow":["GET"]}}],"collection":[{"href":"https:\/\/www.egemtv.com\/index.php?rest_route=\/wp\/v2\/posts"}],"about":[{"href":"https:\/\/www.egemtv.com\/index.php?rest_route=\/wp\/v2\/types\/post"}],"author":[{"embeddable":true,"href":"https:\/\/www.egemtv.com\/index.php?rest_route=\/wp\/v2\/users\/1"}],"replies":[{"embeddable":true,"href":"https:\/\/www.egemtv.com\/index.php?rest_route=%2Fwp%2Fv2%2Fcomments&post=17448"}],"version-history":[{"count":1,"href":"https:\/\/www.egemtv.com\/index.php?rest_route=\/wp\/v2\/posts\/17448\/revisions"}],"predecessor-version":[{"id":17450,"href":"https:\/\/www.egemtv.com\/index.php?rest_route=\/wp\/v2\/posts\/17448\/revisions\/17450"}],"wp:featuredmedia":[{"embeddable":true,"href":"https:\/\/www.egemtv.com\/index.php?rest_route=\/wp\/v2\/media\/17449"}],"wp:attachment":[{"href":"https:\/\/www.egemtv.com\/index.php?rest_route=%2Fwp%2Fv2%2Fmedia&parent=17448"}],"wp:term":[{"taxonomy":"category","embeddable":true,"href":"https:\/\/www.egemtv.com\/index.php?rest_route=%2Fwp%2Fv2%2Fcategories&post=17448"},{"taxonomy":"post_tag","embeddable":true,"href":"https:\/\/www.egemtv.com\/index.php?rest_route=%2Fwp%2Fv2%2Ftags&post=17448"}],"curies":[{"name":"wp","href":"https:\/\/api.w.org\/{rel}","templated":true}]}}