{"id":17445,"date":"2025-02-10T10:40:49","date_gmt":"2025-02-10T07:40:49","guid":{"rendered":"https:\/\/www.egemtv.com\/?p=17445"},"modified":"2025-02-10T10:40:57","modified_gmt":"2025-02-10T07:40:57","slug":"kursiyerler-malzemelerini-sanat-eserine-donusturuyor","status":"publish","type":"post","link":"https:\/\/www.egemtv.com\/?p=17445","title":{"rendered":"Kursiyerler malzemelerini sanat eserine d\u00f6n\u00fc\u015ft\u00fcr\u00fcyor"},"content":{"rendered":"<p>Ayd\u0131n\u2019\u0131n Sultanhisar il\u00e7esinde a\u00e7\u0131lan el sanatlar\u0131 kursuna kay\u0131tlar ba\u015flarken, kurslara kat\u0131lan kursiyerler, \u00f6\u011frendikleri boyama ve s\u00fcsleme teknikleriyle kulland\u0131klar\u0131 malzemeleri birer sanat eserine d\u00f6n\u00fc\u015ft\u00fcr\u00fcyor.<\/p>\n<p>Sultanhisar Halk E\u011fitimi Merkezi taraf\u0131ndan At\u00e7a Mahallesi ek hizmet binas\u0131nda el sanatlar\u0131 kursu, vatanda\u015flar\u0131n ilgi oda\u011f\u0131 olmaya devam ediyor. Kursa kay\u0131t ba\u015fvurular\u0131 da ba\u015flarken, kursa kat\u0131lan kursiyerler boyama ve s\u00fcsleme teknikleri ile ta\u015flardan su kabaklar\u0131na, \u00f6rg\u00fcden has\u0131ra kadar bir\u00e7ok malzemeyi, birer sanat eserine d\u00f6n\u00fc\u015ft\u00fcr\u00fcyor. K\u00fc\u00e7\u00fck ta\u015flar\u0131 boyay\u0131p dekoratif s\u00fcslere, su kabaklar\u0131n\u0131 fenerlere, ipleri kolye, bileklik ve anahtarl\u0131\u011fa, \u00f6rg\u00fcleri atk\u0131 bereye d\u00f6n\u00fc\u015ft\u00fcren kursiyerler, ayn\u0131 zamanda at\u0131k malzemeleri de de\u011ferlendirerek geri d\u00f6n\u00fc\u015f\u00fcme destek oluyor. Yeni d\u00f6nem kay\u0131tlar\u0131n\u0131n ba\u015flad\u0131\u011f\u0131n\u0131 duyuran Sultanhisar Halk E\u011fitimi Merkezi M\u00fcd\u00fcrl\u00fc\u011f\u00fc, sosyal medyada yapt\u0131\u011f\u0131 a\u00e7\u0131klamada &#8220;At\u00e7a Mahallesi Ek Hizmet Binam\u0131zda el sanatlar\u0131 kursumuz ba\u015flam\u0131\u015ft\u0131r. Kay\u0131tlar\u0131m\u0131z devam etmektedir&#8221; ifadelerine yer vererek, herkesi kurslara kat\u0131lmaya davet etti.<br \/><\/p>\n","protected":false},"excerpt":{"rendered":"<p>Ayd\u0131n\u2019\u0131n Sultanhisar il\u00e7esinde a\u00e7\u0131lan el sanatlar\u0131 kursuna kay\u0131tlar ba\u015flarken, kurslara kat\u0131lan kursiyerler, \u00f6\u011frendikleri boyama ve s\u00fcsleme teknikleriyle kulland\u0131klar\u0131 malzemeleri birer sanat eserine d\u00f6n\u00fc\u015ft\u00fcr\u00fcyor. Sultanhisar Halk E\u011fitimi Merkezi taraf\u0131ndan At\u00e7a Mahallesi ek hizmet binas\u0131nda el sanatlar\u0131 kursu, vatanda\u015flar\u0131n ilgi oda\u011f\u0131 olmaya devam ediyor. Kursa kay\u0131t ba\u015fvurular\u0131 da ba\u015flarken, kursa kat\u0131lan kursiyerler boyama ve s\u00fcsleme teknikleri ile&#8230;<\/p>\n","protected":false},"author":1,"featured_media":17446,"comment_status":"open","ping_status":"open","sticky":false,"template":"","format":"standard","meta":{"_crdt_document":"","footnotes":""},"categories":[1],"tags":[],"class_list":["post-17445","post","type-post","status-publish","format-standard","has-post-thumbnail","hentry","category-guncel"],"_links":{"self":[{"href":"https:\/\/www.egemtv.com\/index.php?rest_route=\/wp\/v2\/posts\/17445","targetHints":{"allow":["GET"]}}],"collection":[{"href":"https:\/\/www.egemtv.com\/index.php?rest_route=\/wp\/v2\/posts"}],"about":[{"href":"https:\/\/www.egemtv.com\/index.php?rest_route=\/wp\/v2\/types\/post"}],"author":[{"embeddable":true,"href":"https:\/\/www.egemtv.com\/index.php?rest_route=\/wp\/v2\/users\/1"}],"replies":[{"embeddable":true,"href":"https:\/\/www.egemtv.com\/index.php?rest_route=%2Fwp%2Fv2%2Fcomments&post=17445"}],"version-history":[{"count":1,"href":"https:\/\/www.egemtv.com\/index.php?rest_route=\/wp\/v2\/posts\/17445\/revisions"}],"predecessor-version":[{"id":17447,"href":"https:\/\/www.egemtv.com\/index.php?rest_route=\/wp\/v2\/posts\/17445\/revisions\/17447"}],"wp:featuredmedia":[{"embeddable":true,"href":"https:\/\/www.egemtv.com\/index.php?rest_route=\/wp\/v2\/media\/17446"}],"wp:attachment":[{"href":"https:\/\/www.egemtv.com\/index.php?rest_route=%2Fwp%2Fv2%2Fmedia&parent=17445"}],"wp:term":[{"taxonomy":"category","embeddable":true,"href":"https:\/\/www.egemtv.com\/index.php?rest_route=%2Fwp%2Fv2%2Fcategories&post=17445"},{"taxonomy":"post_tag","embeddable":true,"href":"https:\/\/www.egemtv.com\/index.php?rest_route=%2Fwp%2Fv2%2Ftags&post=17445"}],"curies":[{"name":"wp","href":"https:\/\/api.w.org\/{rel}","templated":true}]}}