{"id":17361,"date":"2025-02-09T18:25:33","date_gmt":"2025-02-09T15:25:33","guid":{"rendered":"https:\/\/www.egemtv.com\/?p=17361"},"modified":"2025-02-09T18:25:39","modified_gmt":"2025-02-09T15:25:39","slug":"aliaga-helvaci-spor-ulucaksporu-5-0-maglup-ederek-liderligini-surdurdu","status":"publish","type":"post","link":"https:\/\/www.egemtv.com\/?p=17361","title":{"rendered":"Alia\u011fa Helvac\u0131 Spor, Ulucakspor\u2019u 5-0 ma\u011flup ederek liderli\u011fini s\u00fcrd\u00fcrd\u00fc"},"content":{"rendered":"<p>\u0130zmir S\u00fcper Amat\u00f6r Lig 2. Grup\u2019ta liderli\u011fini koruyan Alia\u011fa Helvac\u0131 Spor, deplasmanda Ulucakspor\u2019u 5-0 yenerek farkl\u0131 bir galibiyet ald\u0131.<br \/>\n<br \/>Ulucak Stad\u0131\u2019nda oynanan ma\u00e7a h\u0131zl\u0131 ba\u015flayan Alia\u011fa Helvac\u0131 Spor, 3. dakikada \u0130zzet Enes Topuz\u2019un ve dakika 38\u2019de Ya\u011fmurcan Ta\u015f\u2019\u0131n att\u0131\u011f\u0131 gollerle ilk yar\u0131y\u0131 2-0 \u00f6nde kapatt\u0131. \u0130kinci yar\u0131da da \u00fcst\u00fcnl\u00fc\u011f\u00fcn\u00fc s\u00fcrd\u00fcren Alia\u011fa Helvac\u0131 Spor, 50. dakikada \u0130zzet Enes Topuz\u2019un ikinci gol\u00fcyle skoru 3-0\u2019a ta\u015f\u0131d\u0131. Ard\u0131ndan artan bask\u0131yla 61. dakikada Ya\u011fmurcan Ta\u015f\u2019\u0131n ikinci gol\u00fcyle fark\u0131 4-0\u2019a \u00e7\u0131kard\u0131. Ma\u00e7\u0131n son dakikalar\u0131nda Do\u011fukan Can\u2019\u0131n att\u0131\u011f\u0131 golle skor 5-0 olarak belirlendi ve Alia\u011fa Helvac\u0131 Spor sahadan galibiyetle ayr\u0131ld\u0131.<br \/><\/p>\n","protected":false},"excerpt":{"rendered":"<p>\u0130zmir S\u00fcper Amat\u00f6r Lig 2. Grup\u2019ta liderli\u011fini koruyan Alia\u011fa Helvac\u0131 Spor, deplasmanda Ulucakspor\u2019u 5-0 yenerek farkl\u0131 bir galibiyet ald\u0131. Ulucak Stad\u0131\u2019nda oynanan ma\u00e7a h\u0131zl\u0131 ba\u015flayan Alia\u011fa Helvac\u0131 Spor, 3. dakikada \u0130zzet Enes Topuz\u2019un ve dakika 38\u2019de Ya\u011fmurcan Ta\u015f\u2019\u0131n att\u0131\u011f\u0131 gollerle ilk yar\u0131y\u0131 2-0 \u00f6nde kapatt\u0131. \u0130kinci yar\u0131da da \u00fcst\u00fcnl\u00fc\u011f\u00fcn\u00fc s\u00fcrd\u00fcren Alia\u011fa Helvac\u0131 Spor, 50. dakikada&#8230;<\/p>\n","protected":false},"author":1,"featured_media":17362,"comment_status":"open","ping_status":"open","sticky":false,"template":"","format":"standard","meta":{"_crdt_document":"","footnotes":""},"categories":[4],"tags":[],"class_list":["post-17361","post","type-post","status-publish","format-standard","has-post-thumbnail","hentry","category-spor"],"_links":{"self":[{"href":"https:\/\/www.egemtv.com\/index.php?rest_route=\/wp\/v2\/posts\/17361","targetHints":{"allow":["GET"]}}],"collection":[{"href":"https:\/\/www.egemtv.com\/index.php?rest_route=\/wp\/v2\/posts"}],"about":[{"href":"https:\/\/www.egemtv.com\/index.php?rest_route=\/wp\/v2\/types\/post"}],"author":[{"embeddable":true,"href":"https:\/\/www.egemtv.com\/index.php?rest_route=\/wp\/v2\/users\/1"}],"replies":[{"embeddable":true,"href":"https:\/\/www.egemtv.com\/index.php?rest_route=%2Fwp%2Fv2%2Fcomments&post=17361"}],"version-history":[{"count":1,"href":"https:\/\/www.egemtv.com\/index.php?rest_route=\/wp\/v2\/posts\/17361\/revisions"}],"predecessor-version":[{"id":17363,"href":"https:\/\/www.egemtv.com\/index.php?rest_route=\/wp\/v2\/posts\/17361\/revisions\/17363"}],"wp:featuredmedia":[{"embeddable":true,"href":"https:\/\/www.egemtv.com\/index.php?rest_route=\/wp\/v2\/media\/17362"}],"wp:attachment":[{"href":"https:\/\/www.egemtv.com\/index.php?rest_route=%2Fwp%2Fv2%2Fmedia&parent=17361"}],"wp:term":[{"taxonomy":"category","embeddable":true,"href":"https:\/\/www.egemtv.com\/index.php?rest_route=%2Fwp%2Fv2%2Fcategories&post=17361"},{"taxonomy":"post_tag","embeddable":true,"href":"https:\/\/www.egemtv.com\/index.php?rest_route=%2Fwp%2Fv2%2Ftags&post=17361"}],"curies":[{"name":"wp","href":"https:\/\/api.w.org\/{rel}","templated":true}]}}