{"id":17358,"date":"2025-02-09T18:13:08","date_gmt":"2025-02-09T15:13:08","guid":{"rendered":"https:\/\/www.egemtv.com\/?p=17358"},"modified":"2025-02-09T18:13:14","modified_gmt":"2025-02-09T15:13:14","slug":"kulaspor-kapanci-deplasmaninda-galip","status":"publish","type":"post","link":"https:\/\/www.egemtv.com\/?p=17358","title":{"rendered":"Kulaspor, Kapanc\u0131 deplasman\u0131nda galip"},"content":{"rendered":"<p>2024-2025 Manisa S\u00fcper Amat\u00f6r Lig Salihli Grubu\u2019nda Kula\u2019y\u0131 temsil eden Kulaspor, 12. hafta m\u00fcsabakalar\u0131 kapsam\u0131nda Kapanc\u0131spor\u2019a konuk oldu. Salihli \u0130smail Do\u011fan Erdin\u00e7 Sahas\u0131\u2019nda oynanan zorlu m\u00fccadelede Kulaspor, 2-1\u2019lik skorla galip gelerek \u00fc\u00e7 puan\u0131n sahibi oldu.<br \/>\n<br \/>2024 &#8211; 2025 Manisa S\u00fcper Amat\u00f6r Lig Salihli Grubu\u2019nda Kula\u2019y\u0131 temsil eden Kulaspor ekibi 12. hafta m\u00fcsabakalar\u0131 kapsam\u0131nda Kapanc\u0131spor\u2019a konuk oldu. Salihli \u0130smail Do\u011fan Erdin\u00e7 Sahas\u0131\u2019nda oynanan \u00e7eki\u015fmeli m\u00fccadelede Kapanc\u0131 ekibi 3.dakikada penalt\u0131dan buldu\u011fu golle m\u00fccadeleye 1-0 \u00f6nde ba\u015flad\u0131. Kar\u015f\u0131la\u015fmada ikinci yar\u0131n\u0131n son dakikalar\u0131na kadar gols\u00fcz e\u015fitlik s\u00fcrerken 87. dakikada Kaptan Bekir G\u00f6ko\u011flan\u2019\u0131n att\u0131\u011f\u0131 golle Kula ekibi durumu e\u015fitledi. Rakibi kar\u015f\u0131s\u0131nda kurdu\u011fu \u00fcst\u00fcnl\u00fc\u011f\u00fc elden b\u0131rakmayan Kulaspor 90+3. dakikada Mehmet Can Acar\u2019\u0131n att\u0131\u011f\u0131 golle 2-1 \u00f6ne ge\u00e7ti. Seyir zevkinin doruklara ula\u015ft\u0131\u011f\u0131 m\u00fccadele Kulaspor ekibinin 2-1\u2019lik \u00fcst\u00fcnl\u00fc\u011f\u00fcyle tamamland\u0131.<br \/><\/p>\n","protected":false},"excerpt":{"rendered":"<p>2024-2025 Manisa S\u00fcper Amat\u00f6r Lig Salihli Grubu\u2019nda Kula\u2019y\u0131 temsil eden Kulaspor, 12. hafta m\u00fcsabakalar\u0131 kapsam\u0131nda Kapanc\u0131spor\u2019a konuk oldu. Salihli \u0130smail Do\u011fan Erdin\u00e7 Sahas\u0131\u2019nda oynanan zorlu m\u00fccadelede Kulaspor, 2-1\u2019lik skorla galip gelerek \u00fc\u00e7 puan\u0131n sahibi oldu. 2024 &#8211; 2025 Manisa S\u00fcper Amat\u00f6r Lig Salihli Grubu\u2019nda Kula\u2019y\u0131 temsil eden Kulaspor ekibi 12. hafta m\u00fcsabakalar\u0131 kapsam\u0131nda Kapanc\u0131spor\u2019a konuk&#8230;<\/p>\n","protected":false},"author":1,"featured_media":17359,"comment_status":"open","ping_status":"open","sticky":false,"template":"","format":"standard","meta":{"_crdt_document":"","footnotes":""},"categories":[4],"tags":[],"class_list":["post-17358","post","type-post","status-publish","format-standard","has-post-thumbnail","hentry","category-spor"],"_links":{"self":[{"href":"https:\/\/www.egemtv.com\/index.php?rest_route=\/wp\/v2\/posts\/17358","targetHints":{"allow":["GET"]}}],"collection":[{"href":"https:\/\/www.egemtv.com\/index.php?rest_route=\/wp\/v2\/posts"}],"about":[{"href":"https:\/\/www.egemtv.com\/index.php?rest_route=\/wp\/v2\/types\/post"}],"author":[{"embeddable":true,"href":"https:\/\/www.egemtv.com\/index.php?rest_route=\/wp\/v2\/users\/1"}],"replies":[{"embeddable":true,"href":"https:\/\/www.egemtv.com\/index.php?rest_route=%2Fwp%2Fv2%2Fcomments&post=17358"}],"version-history":[{"count":1,"href":"https:\/\/www.egemtv.com\/index.php?rest_route=\/wp\/v2\/posts\/17358\/revisions"}],"predecessor-version":[{"id":17360,"href":"https:\/\/www.egemtv.com\/index.php?rest_route=\/wp\/v2\/posts\/17358\/revisions\/17360"}],"wp:featuredmedia":[{"embeddable":true,"href":"https:\/\/www.egemtv.com\/index.php?rest_route=\/wp\/v2\/media\/17359"}],"wp:attachment":[{"href":"https:\/\/www.egemtv.com\/index.php?rest_route=%2Fwp%2Fv2%2Fmedia&parent=17358"}],"wp:term":[{"taxonomy":"category","embeddable":true,"href":"https:\/\/www.egemtv.com\/index.php?rest_route=%2Fwp%2Fv2%2Fcategories&post=17358"},{"taxonomy":"post_tag","embeddable":true,"href":"https:\/\/www.egemtv.com\/index.php?rest_route=%2Fwp%2Fv2%2Ftags&post=17358"}],"curies":[{"name":"wp","href":"https:\/\/api.w.org\/{rel}","templated":true}]}}