{"id":17355,"date":"2025-02-09T18:05:54","date_gmt":"2025-02-09T15:05:54","guid":{"rendered":"https:\/\/www.egemtv.com\/?p=17355"},"modified":"2025-02-09T18:05:58","modified_gmt":"2025-02-09T15:05:58","slug":"koycegizde-sabah-namazi-bulusmasi-gerceklesti","status":"publish","type":"post","link":"https:\/\/www.egemtv.com\/?p=17355","title":{"rendered":"K\u00f6yce\u011fiz\u2019de sabah namaz\u0131 bulu\u015fmas\u0131 ger\u00e7ekle\u015fti"},"content":{"rendered":"<p>Mu\u011fla\u2019n\u0131n K\u00f6yce\u011fiz \u0130l\u00e7e M\u00fcft\u00fcl\u00fc\u011f\u00fc taraf\u0131ndan ger\u00e7ekle\u015ftirilen sabah namaz\u0131 bulu\u015fmalar\u0131 bu hafta Zeytinalan\u0131 Merkez Camii\u2019nde yap\u0131ld\u0131.<\/p>\n<p>Sabah ezan\u0131n\u0131 m\u00fcteakiben Din Hizmetleri Uzman\u0131 \u0130brahim B\u00f6l\u00fckba\u015f\u0131\u2019n\u0131n Kur\u2019an-\u0131 Kerim tilaveti ile ba\u015flayan bulu\u015fma sabah namaz\u0131na m\u00fcteakip \u0130mam-Hatip Veysel Uysal\u2019\u0131n tesbihat\u0131 yapt\u0131rmas\u0131 ile devam etti. \u0130l\u00e7e M\u00fcft\u00fcs\u00fc Ahmet Karag\u00f6z\u2019\u00fcn sohbeti, t\u00fcm \u015fehitler ile otel yang\u0131n\u0131 felaketinde ve Mara\u015f merkezli deprem felaketinde vefat eden vatanda\u015flar i\u00e7in yap\u0131lan dua ve ikramlar\u0131n yap\u0131lmas\u0131yla program sona erdi.<\/p>\n<p>Sabah namaz\u0131 bulu\u015fmas\u0131 sohbetini yapan M\u00fcft\u00fc Karag\u00f6z, &#8220;Sabah\u0131n seherinde K\u00e2be\u2019nin \u015fubesi camimizi dolduran siz bay bayan karde\u015flerimi ve \u00f6zellikle bulu\u015fmaya kat\u0131lan yar\u0131n\u0131n b\u00fcy\u00fckleri gen\u00e7lerimizi tebrik ediyorum. M\u00fcbarek \u00fc\u00e7 aylar\u0131n neredeyse yar\u0131s\u0131n\u0131 geride b\u0131rakt\u0131k. \u00d6n\u00fcm\u00fczdeki per\u015fembe g\u00fcn\u00fc de Berat Kandili\u2019ni idrak edip onbir ay\u0131n sultan\u0131 Ramazan-\u0131 \u015ferife ve bin aydan daha hay\u0131rl\u0131 Kadir gecesine kavu\u015faca\u011f\u0131z. Bu maneviyat dolu g\u00fcnlerimizi iyi de\u011ferlendirelim ve imtihan d\u00fcnyas\u0131nda, hayat s\u0131nav\u0131m\u0131z\u0131 g\u00fczelce verip geride ho\u015f bir seda b\u0131rakanlardan olal\u0131m. Arkam\u0131zdan yerlerin ve g\u00f6klerin \u00fcz\u00fcld\u00fc\u011f\u00fc a\u011flad\u0131\u011f\u0131, iyilikle yad edilenlerden olal\u0131m&#8221; dedi.<\/p>\n<p>Ev sahibi \u0130mam-Hatip \u0130smail Ene\u00e7 ile cami cemaatinin m\u00fc\u015fterek haz\u0131rlad\u0131klar\u0131 ikramlar\u0131n yap\u0131lmas\u0131, yemek duas\u0131 ve M\u00fcft\u00fc Karag\u00f6z\u2019\u00fcn sabah namaz\u0131 bulu\u015fmas\u0131na kat\u0131lan cemaate ve ev sahibi din g\u00f6revlisine te\u015fekk\u00fcr etmesiyle sabah namaz\u0131 bulu\u015fmas\u0131 sona erdi.<br \/><\/p>\n","protected":false},"excerpt":{"rendered":"<p>Mu\u011fla\u2019n\u0131n K\u00f6yce\u011fiz \u0130l\u00e7e M\u00fcft\u00fcl\u00fc\u011f\u00fc taraf\u0131ndan ger\u00e7ekle\u015ftirilen sabah namaz\u0131 bulu\u015fmalar\u0131 bu hafta Zeytinalan\u0131 Merkez Camii\u2019nde yap\u0131ld\u0131. Sabah ezan\u0131n\u0131 m\u00fcteakiben Din Hizmetleri Uzman\u0131 \u0130brahim B\u00f6l\u00fckba\u015f\u0131\u2019n\u0131n Kur\u2019an-\u0131 Kerim tilaveti ile ba\u015flayan bulu\u015fma sabah namaz\u0131na m\u00fcteakip \u0130mam-Hatip Veysel Uysal\u2019\u0131n tesbihat\u0131 yapt\u0131rmas\u0131 ile devam etti. \u0130l\u00e7e M\u00fcft\u00fcs\u00fc Ahmet Karag\u00f6z\u2019\u00fcn sohbeti, t\u00fcm \u015fehitler ile otel yang\u0131n\u0131 felaketinde ve Mara\u015f merkezli deprem&#8230;<\/p>\n","protected":false},"author":1,"featured_media":17356,"comment_status":"open","ping_status":"open","sticky":false,"template":"","format":"standard","meta":{"_crdt_document":"","footnotes":""},"categories":[1],"tags":[],"class_list":["post-17355","post","type-post","status-publish","format-standard","has-post-thumbnail","hentry","category-guncel"],"_links":{"self":[{"href":"https:\/\/www.egemtv.com\/index.php?rest_route=\/wp\/v2\/posts\/17355","targetHints":{"allow":["GET"]}}],"collection":[{"href":"https:\/\/www.egemtv.com\/index.php?rest_route=\/wp\/v2\/posts"}],"about":[{"href":"https:\/\/www.egemtv.com\/index.php?rest_route=\/wp\/v2\/types\/post"}],"author":[{"embeddable":true,"href":"https:\/\/www.egemtv.com\/index.php?rest_route=\/wp\/v2\/users\/1"}],"replies":[{"embeddable":true,"href":"https:\/\/www.egemtv.com\/index.php?rest_route=%2Fwp%2Fv2%2Fcomments&post=17355"}],"version-history":[{"count":1,"href":"https:\/\/www.egemtv.com\/index.php?rest_route=\/wp\/v2\/posts\/17355\/revisions"}],"predecessor-version":[{"id":17357,"href":"https:\/\/www.egemtv.com\/index.php?rest_route=\/wp\/v2\/posts\/17355\/revisions\/17357"}],"wp:featuredmedia":[{"embeddable":true,"href":"https:\/\/www.egemtv.com\/index.php?rest_route=\/wp\/v2\/media\/17356"}],"wp:attachment":[{"href":"https:\/\/www.egemtv.com\/index.php?rest_route=%2Fwp%2Fv2%2Fmedia&parent=17355"}],"wp:term":[{"taxonomy":"category","embeddable":true,"href":"https:\/\/www.egemtv.com\/index.php?rest_route=%2Fwp%2Fv2%2Fcategories&post=17355"},{"taxonomy":"post_tag","embeddable":true,"href":"https:\/\/www.egemtv.com\/index.php?rest_route=%2Fwp%2Fv2%2Ftags&post=17355"}],"curies":[{"name":"wp","href":"https:\/\/api.w.org\/{rel}","templated":true}]}}