{"id":17346,"date":"2025-02-09T17:41:34","date_gmt":"2025-02-09T14:41:34","guid":{"rendered":"https:\/\/www.egemtv.com\/?p=17346"},"modified":"2025-02-09T17:41:39","modified_gmt":"2025-02-09T14:41:39","slug":"kalbi-heyecana-dayanamadi-2","status":"publish","type":"post","link":"https:\/\/www.egemtv.com\/?p=17346","title":{"rendered":"Kalbi heyecana dayanamad\u0131"},"content":{"rendered":"<p>Ayd\u0131n\u2019\u0131n Kuyucak il\u00e7esinde deve g\u00fcre\u015fini izledi\u011fi s\u0131rada kalp krizi ge\u00e7iren 61 ya\u015f\u0131ndaki vatanda\u015f hayat\u0131n\u0131 kaybetti.<br \/>\n<br \/>Edinilen bilgiye g\u00f6re olay, Kuyucak deve g\u00fcre\u015fi alan\u0131nda protokol trib\u00fcn\u00fcnde ger\u00e7ekle\u015fti. CHP Kuyucak il\u00e7e y\u00f6netiminden 61 ya\u015f\u0131ndaki \u00d6mer Ger\u00e7eker, g\u00fcre\u015fleri izlemek \u00fczere erken saatlerde protokol trib\u00fcn\u00fcnde yerini ald\u0131. Ayd\u0131n genelinden gelen CHP\u2019li belediye ba\u015fkanlar\u0131 ve milletvekilleri ile birlikte g\u00fcre\u015fleri izleyen Ger\u00e7eker, oturdu\u011fu sandalyede fenala\u015farak bir anda yere y\u0131\u011f\u0131ld\u0131. O esnada hemen \u00f6n s\u0131rada oturan Nazilli Belediye Ba\u015fkan\u0131 Doktor Ertu\u011frul Tetik, Ger\u00e7eker\u2019e ilk m\u00fcdahaleyi yapt\u0131. \u015eahs\u0131n kalp krizi ge\u00e7irdi\u011fini belirleyen Tetik, 112 sa\u011fl\u0131k ekiplerine ihbarda bulundurdu. Uzun s\u00fcren kalp masaj\u0131 m\u00fcdahalesine kar\u015f\u0131 tekrar kalbi atmaya ba\u015flayan Ger\u00e7eker, 112 ekiplerinin yo\u011fun trafik nedeniyle deve g\u00fcre\u015fi alan\u0131nda gelememesi nedeniyle belediyeye ait zab\u0131ta arabas\u0131yla alan\u0131n hemen d\u0131\u015f\u0131nda bekleyen 112 ekiplerine ula\u015ft\u0131r\u0131ld\u0131. Bu s\u0131rada kalp masaj\u0131n\u0131 s\u00fcrd\u00fcren Dr. Tetik, ambulansa ula\u015fana kadar m\u00fccadele etti. Ancak burada tekrar kalbi duran Ger\u00e7eker, \u00f6nce ambulansta, sonra da Kuyucak il\u00e7e hastanesinde yap\u0131lan t\u00fcm m\u00fcdahalelere ra\u011fmen hayata d\u00f6nd\u00fcr\u00fclemedi.<br \/>\n<br \/>61 ya\u015f\u0131nda, yaln\u0131z ya\u015fad\u0131\u011f\u0131 \u00f6\u011frenilen Ger\u00e7eker\u2019in 2018 y\u0131l\u0131ndan bu yana \u015feker ve y\u00fcksek tansiyon rahats\u0131zl\u0131\u011f\u0131 bulundu\u011fu ifade edildi. Nazilli Belediye Ba\u015fkan\u0131 Dr. Ertu\u011frul Tetik, Kuyucak Belediye Ba\u015fkan\u0131 U\u011fur Do\u011fanca ve Kuyucak belediye meclis \u00fcyeleri ac\u0131 olay\u0131n ard\u0131ndan ba\u015fsa\u011fl\u0131\u011f\u0131 dile\u011finde bulunurken, Ger\u00e7eker\u2019in ani \u00f6l\u00fcm\u00fc ailesi ve sevenlerini yasa bo\u011fdu. Olayla ilgili soru\u015fturma s\u00fcr\u00fcyor.<br \/><\/p>\n","protected":false},"excerpt":{"rendered":"<p>Ayd\u0131n\u2019\u0131n Kuyucak il\u00e7esinde deve g\u00fcre\u015fini izledi\u011fi s\u0131rada kalp krizi ge\u00e7iren 61 ya\u015f\u0131ndaki vatanda\u015f hayat\u0131n\u0131 kaybetti. Edinilen bilgiye g\u00f6re olay, Kuyucak deve g\u00fcre\u015fi alan\u0131nda protokol trib\u00fcn\u00fcnde ger\u00e7ekle\u015fti. CHP Kuyucak il\u00e7e y\u00f6netiminden 61 ya\u015f\u0131ndaki \u00d6mer Ger\u00e7eker, g\u00fcre\u015fleri izlemek \u00fczere erken saatlerde protokol trib\u00fcn\u00fcnde yerini ald\u0131. Ayd\u0131n genelinden gelen CHP\u2019li belediye ba\u015fkanlar\u0131 ve milletvekilleri ile birlikte g\u00fcre\u015fleri izleyen&#8230;<\/p>\n","protected":false},"author":1,"featured_media":17348,"comment_status":"open","ping_status":"open","sticky":false,"template":"","format":"standard","meta":{"_crdt_document":"","footnotes":""},"categories":[123],"tags":[],"class_list":["post-17346","post","type-post","status-publish","format-standard","has-post-thumbnail","hentry","category-gundem"],"_links":{"self":[{"href":"https:\/\/www.egemtv.com\/index.php?rest_route=\/wp\/v2\/posts\/17346","targetHints":{"allow":["GET"]}}],"collection":[{"href":"https:\/\/www.egemtv.com\/index.php?rest_route=\/wp\/v2\/posts"}],"about":[{"href":"https:\/\/www.egemtv.com\/index.php?rest_route=\/wp\/v2\/types\/post"}],"author":[{"embeddable":true,"href":"https:\/\/www.egemtv.com\/index.php?rest_route=\/wp\/v2\/users\/1"}],"replies":[{"embeddable":true,"href":"https:\/\/www.egemtv.com\/index.php?rest_route=%2Fwp%2Fv2%2Fcomments&post=17346"}],"version-history":[{"count":1,"href":"https:\/\/www.egemtv.com\/index.php?rest_route=\/wp\/v2\/posts\/17346\/revisions"}],"predecessor-version":[{"id":17350,"href":"https:\/\/www.egemtv.com\/index.php?rest_route=\/wp\/v2\/posts\/17346\/revisions\/17350"}],"wp:featuredmedia":[{"embeddable":true,"href":"https:\/\/www.egemtv.com\/index.php?rest_route=\/wp\/v2\/media\/17348"}],"wp:attachment":[{"href":"https:\/\/www.egemtv.com\/index.php?rest_route=%2Fwp%2Fv2%2Fmedia&parent=17346"}],"wp:term":[{"taxonomy":"category","embeddable":true,"href":"https:\/\/www.egemtv.com\/index.php?rest_route=%2Fwp%2Fv2%2Fcategories&post=17346"},{"taxonomy":"post_tag","embeddable":true,"href":"https:\/\/www.egemtv.com\/index.php?rest_route=%2Fwp%2Fv2%2Ftags&post=17346"}],"curies":[{"name":"wp","href":"https:\/\/api.w.org\/{rel}","templated":true}]}}