{"id":17340,"date":"2025-02-09T16:53:50","date_gmt":"2025-02-09T13:53:50","guid":{"rendered":"https:\/\/www.egemtv.com\/?p=17340"},"modified":"2025-02-09T16:53:55","modified_gmt":"2025-02-09T13:53:55","slug":"ataturkun-sokeye-gelisinin-101-yil-donumu-coskuyla-kutlandi","status":"publish","type":"post","link":"https:\/\/www.egemtv.com\/?p=17340","title":{"rendered":"Atat\u00fcrk\u2019\u00fcn S\u00f6ke\u2019ye Geli\u015fi\u2019nin 101. Y\u0131l D\u00f6n\u00fcm\u00fc co\u015fkuyla kutland\u0131"},"content":{"rendered":"<p>Gazi Mustafa Kemal Atat\u00fcrk\u2019\u00fcn S\u00f6ke\u2019yi ziyaretinin 101. y\u0131l d\u00f6n\u00fcm\u00fc, b\u00fcy\u00fck bir co\u015fkuyla kutland\u0131.<\/p>\n<p>Kutlama etkinlikleri, Atat\u00fcrk\u2019\u00fcn 9 \u015eubat 1924 tarihinde S\u00f6ke\u2019ye geli\u015finde kar\u015f\u0131land\u0131\u011f\u0131 S\u00f6ke-Ku\u015fadas\u0131 yolu \u00fczerinde sembolik kar\u015f\u0131lama ile ba\u015flad\u0131. Granta mevkiinden ba\u015flayan y\u00fcr\u00fcy\u00fc\u015f, S\u00f6ke giri\u015findeki Abalaki Mevkii\u2019nde bulunan Cafer Efe Heykeli\u2019ne kadar devam etti.<\/p>\n<p>Burada S\u00f6ke Kaymakam\u0131 Ali Ak\u00e7a, S\u00f6ke Garnizon Komutan Vekili Necdet G\u00fcm\u00fc\u015f, S\u00f6ke Belediye Ba\u015fkan\u0131 Dr. Mustafa \u0130berya Ar\u0131kan ve protokol \u00fcyeleri, y\u00fcr\u00fcy\u00fc\u015f grubunu kar\u015f\u0131lad\u0131. Halk oyunlar\u0131 g\u00f6sterisinin ard\u0131ndan, y\u00fcr\u00fcy\u00fc\u015f grubunun ta\u015f\u0131d\u0131\u011f\u0131 T\u00fcrk Bayra\u011f\u0131, Kaymakam Ali Ak\u00e7a\u2019ya teslim edildi. T\u00fcm kat\u0131l\u0131mc\u0131lar kortej e\u015fli\u011finde Cumhuriyet Meydan\u0131\u2019ndaki t\u00f6ren alan\u0131na y\u00fcr\u00fcd\u00fc.<\/p>\n<p>Cumhuriyet Meydan\u0131\u2019nda d\u00fczenlenen t\u00f6rene, S\u00f6ke Kaymakam\u0131 Ali Ak\u00e7a, S\u00f6ke Belediye Ba\u015fkan\u0131 Dr. Mustafa \u0130berya Ar\u0131kan, S\u00f6ke Garnizon Komutan Vekili Necdet G\u00fcm\u00fc\u015f\u2019 \u00fcn yan\u0131 s\u0131ra siyasi parti temsilcileri, STK temsilcileri, \u00f6\u011frenciler ve \u00e7ok say\u0131da vatanda\u015f kat\u0131ld\u0131. Kaymakaml\u0131k, Garnizon Komutanl\u0131\u011f\u0131 ve S\u00f6ke Belediyesi taraf\u0131ndan Atat\u00fcrk An\u0131t\u0131\u2019na \u00e7elenk sunuldu.<\/p>\n<p>Sayg\u0131 duru\u015fu ve \u0130stiklal Mar\u015f\u0131\u2019n\u0131n okunmas\u0131n\u0131n ard\u0131ndan, g\u00fcn\u00fcn anlam ve \u00f6nemini vurgulayan konu\u015fmay\u0131 S\u00f6ke Belediye Ba\u015fkan\u0131 Dr. Mustafa \u0130berya Ar\u0131kan yapt\u0131. Ba\u015fkan Ar\u0131kan konu\u015fmas\u0131nda, Atat\u00fcrk\u2019\u00fcn Cumhuriyet\u2019in ilan\u0131n\u0131n hemen ard\u0131ndan Anadolu\u2019yu gezerek halk\u0131yla bulu\u015ftu\u011funa dikkat \u00e7ekerek, bu ziyaretlerden birinin de S\u00f6ke\u2019ye ger\u00e7ekle\u015fti\u011fini vurgulad\u0131. Atat\u00fcrk\u2019\u00fcn S\u00f6ke ziyaretinin, sadece bir devlet adam\u0131n\u0131n ziyareti olmad\u0131\u011f\u0131n\u0131, ayn\u0131 zamanda Cumhuriyet\u2019in getirdi\u011fi yeniliklerin ve umudun bir simgesi oldu\u011funu belirtti. Gazi Mustafa Kemal Atat\u00fcrk\u2019\u00fcn bu ziyareti ile S\u00f6ke\u2019ye verdi\u011fi \u00f6neme de ayr\u0131ca dikkat \u00e7ekti.<\/p>\n<p>Atat\u00fcrk ilkeleri ve Cumhuriyet\u2019in de\u011ferlerine sahip \u00e7\u0131kman\u0131n \u00f6nemine vurgu yapan Ba\u015fkan Ar\u0131kan konu\u015fmas\u0131nda, &#8220;Bizler Atat\u00fcrk\u2019\u00fcn bizlere miras b\u0131rakt\u0131\u011f\u0131 halk\u00e7\u0131l\u0131k anlay\u0131\u015f\u0131n\u0131 unutmadan; yoksullu\u011fa, adaletsizli\u011fe ve hukuksuzlu\u011fa kar\u015f\u0131 hep birlikte m\u00fccadele etmeye devam edece\u011fiz. Cumhuriyet\u2019in devrimleri, B\u00fcy\u00fck Komutan ve devlet adam\u0131 Mustafa Kemal Atat\u00fcrk\u2019\u00fcn ilkelerinin \u0131\u015f\u0131\u011f\u0131nda y\u00fcr\u00fcyoruz. Bug\u00fcn bizlere d\u00fc\u015fen g\u00f6rev, Atat\u00fcrk\u2019\u00fcn ideallerine ve Cumhuriyet\u2019imizin temel ilkelerine sahip \u00e7\u0131kmak, onun b\u0131rakt\u0131\u011f\u0131 miras\u0131 gelece\u011fe ta\u015f\u0131makt\u0131r. G\u00fcn\u00fcm\u00fczde t\u00fcm d\u00fcnyada ve yan\u0131 ba\u015f\u0131m\u0131zdaki \u00fclkelerde ya\u015fananlar Cumhuriyet\u2019in de\u011ferini ve ihtiya\u00e7lar\u0131n\u0131 \u00f6n\u00fcm\u00fcze koymaktad\u0131r. Atat\u00fcrk\u2019\u00fcn &#8220;En b\u00fcy\u00fck eserim&#8221; dedi\u011fi Cumhuriyet\u2019i; hukukun, bilimin ve akl\u0131n \u0131\u015f\u0131\u011f\u0131nda, birlik ve beraberlik i\u00e7inde sonsuza kadar ya\u015fataca\u011f\u0131z. Bu anlaml\u0131 g\u00fcn vesilesiyle, ba\u015fta b\u00fcy\u00fck \u00f6nderimiz Gazi Mustafa Kemal Atat\u00fcrk\u2019\u00fc, silah arkada\u015flar\u0131n\u0131 ve t\u00fcm Kuva-i Milliye \u015fehitlerini rahmet, minnet ve sayg\u0131yla an\u0131yorum&#8221; ifadelerine yer verdi.<br \/>\n<br \/>T\u00f6ren, g\u00fcn\u00fcn anlam ve \u00f6nemine dair \u015fiirlerin okunmas\u0131 ve \u0130l\u00e7e Halk E\u011fitim Merkezi M\u00fcd\u00fcrl\u00fc\u011f\u00fc Ege Y\u00f6resi Halk Oyunlar\u0131 ekibinin g\u00f6sterisiyle devam etti.<br \/><\/p>\n","protected":false},"excerpt":{"rendered":"<p>Gazi Mustafa Kemal Atat\u00fcrk\u2019\u00fcn S\u00f6ke\u2019yi ziyaretinin 101. y\u0131l d\u00f6n\u00fcm\u00fc, b\u00fcy\u00fck bir co\u015fkuyla kutland\u0131. Kutlama etkinlikleri, Atat\u00fcrk\u2019\u00fcn 9 \u015eubat 1924 tarihinde S\u00f6ke\u2019ye geli\u015finde kar\u015f\u0131land\u0131\u011f\u0131 S\u00f6ke-Ku\u015fadas\u0131 yolu \u00fczerinde sembolik kar\u015f\u0131lama ile ba\u015flad\u0131. Granta mevkiinden ba\u015flayan y\u00fcr\u00fcy\u00fc\u015f, S\u00f6ke giri\u015findeki Abalaki Mevkii\u2019nde bulunan Cafer Efe Heykeli\u2019ne kadar devam etti. Burada S\u00f6ke Kaymakam\u0131 Ali Ak\u00e7a, S\u00f6ke Garnizon Komutan Vekili Necdet&#8230;<\/p>\n","protected":false},"author":1,"featured_media":17341,"comment_status":"open","ping_status":"open","sticky":false,"template":"","format":"standard","meta":{"_crdt_document":"","footnotes":""},"categories":[1],"tags":[],"class_list":["post-17340","post","type-post","status-publish","format-standard","has-post-thumbnail","hentry","category-guncel"],"_links":{"self":[{"href":"https:\/\/www.egemtv.com\/index.php?rest_route=\/wp\/v2\/posts\/17340","targetHints":{"allow":["GET"]}}],"collection":[{"href":"https:\/\/www.egemtv.com\/index.php?rest_route=\/wp\/v2\/posts"}],"about":[{"href":"https:\/\/www.egemtv.com\/index.php?rest_route=\/wp\/v2\/types\/post"}],"author":[{"embeddable":true,"href":"https:\/\/www.egemtv.com\/index.php?rest_route=\/wp\/v2\/users\/1"}],"replies":[{"embeddable":true,"href":"https:\/\/www.egemtv.com\/index.php?rest_route=%2Fwp%2Fv2%2Fcomments&post=17340"}],"version-history":[{"count":1,"href":"https:\/\/www.egemtv.com\/index.php?rest_route=\/wp\/v2\/posts\/17340\/revisions"}],"predecessor-version":[{"id":17342,"href":"https:\/\/www.egemtv.com\/index.php?rest_route=\/wp\/v2\/posts\/17340\/revisions\/17342"}],"wp:featuredmedia":[{"embeddable":true,"href":"https:\/\/www.egemtv.com\/index.php?rest_route=\/wp\/v2\/media\/17341"}],"wp:attachment":[{"href":"https:\/\/www.egemtv.com\/index.php?rest_route=%2Fwp%2Fv2%2Fmedia&parent=17340"}],"wp:term":[{"taxonomy":"category","embeddable":true,"href":"https:\/\/www.egemtv.com\/index.php?rest_route=%2Fwp%2Fv2%2Fcategories&post=17340"},{"taxonomy":"post_tag","embeddable":true,"href":"https:\/\/www.egemtv.com\/index.php?rest_route=%2Fwp%2Fv2%2Ftags&post=17340"}],"curies":[{"name":"wp","href":"https:\/\/api.w.org\/{rel}","templated":true}]}}