{"id":17331,"date":"2025-02-09T16:43:30","date_gmt":"2025-02-09T13:43:30","guid":{"rendered":"https:\/\/www.egemtv.com\/?p=17331"},"modified":"2025-02-09T16:43:35","modified_gmt":"2025-02-09T13:43:35","slug":"akdenizin-renkleri-sergisi-sadik-uygun-kultur-sanat-merkezinde-acildi","status":"publish","type":"post","link":"https:\/\/www.egemtv.com\/?p=17331","title":{"rendered":"Akdeniz\u2019in Renkleri sergisi Sad\u0131k Uygun K\u00fclt\u00fcr Sanat Merkezi\u2019nde a\u00e7\u0131ld\u0131"},"content":{"rendered":"<p>Ressam Ersin Kay\u0131k\u00e7\u0131\u2019n\u0131n \u2018Akdeniz\u2019in Renkleri\u2019 adl\u0131 resim sergisinin a\u00e7\u0131l\u0131\u015f\u0131 yap\u0131ld\u0131. \u0130zmir Alsancak\u2019ta yer alan Sad\u0131k Uygun K\u00fclt\u00fcr Sanat Merkezi\u2019nde sanatseverlerle bulu\u015fan sergi, 8 Mart\u2019a kadar ziyaret edilebilecek.<br \/>\n<br \/>\u0130zmir\u2019in Konak il\u00e7esi Alsancak semtinde bulunan Sad\u0131k Uygun K\u00fclt\u00fcr Sanat Merkezi, Ersin Kay\u0131k\u00e7\u0131\u2019n\u0131n resim sergisinin a\u00e7\u0131l\u0131\u015f\u0131yla sanatseverlerle bulu\u015ftu. Ge\u00e7ti\u011fimiz aylarda a\u00e7\u0131lan merkezde d\u00fczenlenen ilk sergi olan Akdeniz\u2019in Renkleri\u2019nde 28 eser yer al\u0131yor. Maki bitkilerinin floras\u0131 ve floran\u0131n insan hayat\u0131 ile kesi\u015fiminin estetik bir pratik dahilinde incelendi\u011fi sergi ile ilgili olarak Ressam Kay\u0131k\u00e7\u0131 \u015funlar\u0131 s\u00f6yledi:<br \/>\n<br \/>&#8220;\u00d6nemsiz bir \u00e7al\u0131 olarak g\u00f6r\u00fclen bu bitki \u00f6rt\u00fcs\u00fcn\u00fcn sanat eserleri arac\u0131l\u0131\u011f\u0131yla sadece \u00e7al\u0131 de\u011fil de bir ya\u015fam ortam\u0131 oldu\u011fu bilgisinin aktar\u0131lmas\u0131 ama\u00e7lan\u0131rken maki bitki \u00f6rt\u00fcs\u00fcn\u00fcn ku\u015f t\u00fcrleri, \u00e7i\u00e7ekler, b\u00f6cekler, s\u00fcr\u00fcngenler, tilkiler gibi canl\u0131lar\u0131n insan ya\u015fam\u0131ndaki yeri yeniden sorguland\u0131. Ekoloji, g\u00fcn\u00fcm\u00fczde uzak ve steril bir kavram gibi kullan\u0131l\u0131yor. Buzullar\u0131 ve \u00e7\u00f6lleri d\u00fc\u015f\u00fcnmek elbette \u00f6nemli ancak bu sergide i\u00e7inde bulundu\u011fumuz ve yan\u0131 ba\u015f\u0131m\u0131zda yitirilen do\u011faya dikkat \u00e7ekmenin estetik bir yolu \u00f6neriliyor.&#8221;<br \/>\n<br \/>Sanat\u0131n iyile\u015ftirici g\u00fcc\u00fcne vurgu yapan Sad\u0131k Uygun K\u00fclt\u00fcr Sanat Merkezi kurucular\u0131ndan \u00d6zg\u00fcr Uygun Ayd\u0131n ise, &#8220;\u00dclke olarak yo\u011fun g\u00fcndemler ya\u015f\u0131yoruz. Hepimizde travmalar olu\u015fuyor. Biz bunlar\u0131n sanatla iyile\u015fece\u011fini d\u00fc\u015f\u00fcn\u00fcyoruz. Ersin Kay\u0131k\u00e7\u0131 Hatayl\u0131 bir ressam. Her eserinde ayr\u0131 bir hikayeye vurgu yap\u0131yor&#8221; dedi.<br \/>\n<br \/>Ge\u00e7ti\u011fimiz y\u0131l sanatseverlere kap\u0131lar\u0131n\u0131 a\u00e7an Sad\u0131k Uygun K\u00fclt\u00fcr Sanat Merkezi\u2019nde; yeti\u015fkinlere, \u00f6\u011frencilere ve e\u011fitmenlere \u00e7ocuklar i\u00e7in felsefe, masal, yenilik\u00e7i \u00f6\u011frenim yakla\u015f\u0131mlar\u0131, \u00e7a\u011fda\u015f ve g\u00fczel sanatlar gibi pek \u00e7ok e\u011fitim veriliyor. Ayr\u0131ca s\u00f6yle\u015filer, yazar bulu\u015fmalar\u0131, imza g\u00fcnleri gibi bir\u00e7ok etkinlik de d\u00fczenleniyor.<br \/><\/p>\n","protected":false},"excerpt":{"rendered":"<p>Ressam Ersin Kay\u0131k\u00e7\u0131\u2019n\u0131n \u2018Akdeniz\u2019in Renkleri\u2019 adl\u0131 resim sergisinin a\u00e7\u0131l\u0131\u015f\u0131 yap\u0131ld\u0131. \u0130zmir Alsancak\u2019ta yer alan Sad\u0131k Uygun K\u00fclt\u00fcr Sanat Merkezi\u2019nde sanatseverlerle bulu\u015fan sergi, 8 Mart\u2019a kadar ziyaret edilebilecek. \u0130zmir\u2019in Konak il\u00e7esi Alsancak semtinde bulunan Sad\u0131k Uygun K\u00fclt\u00fcr Sanat Merkezi, Ersin Kay\u0131k\u00e7\u0131\u2019n\u0131n resim sergisinin a\u00e7\u0131l\u0131\u015f\u0131yla sanatseverlerle bulu\u015ftu. Ge\u00e7ti\u011fimiz aylarda a\u00e7\u0131lan merkezde d\u00fczenlenen ilk sergi olan Akdeniz\u2019in Renkleri\u2019nde&#8230;<\/p>\n","protected":false},"author":1,"featured_media":17332,"comment_status":"open","ping_status":"open","sticky":false,"template":"","format":"standard","meta":{"_crdt_document":"","footnotes":""},"categories":[1],"tags":[],"class_list":["post-17331","post","type-post","status-publish","format-standard","has-post-thumbnail","hentry","category-guncel"],"_links":{"self":[{"href":"https:\/\/www.egemtv.com\/index.php?rest_route=\/wp\/v2\/posts\/17331","targetHints":{"allow":["GET"]}}],"collection":[{"href":"https:\/\/www.egemtv.com\/index.php?rest_route=\/wp\/v2\/posts"}],"about":[{"href":"https:\/\/www.egemtv.com\/index.php?rest_route=\/wp\/v2\/types\/post"}],"author":[{"embeddable":true,"href":"https:\/\/www.egemtv.com\/index.php?rest_route=\/wp\/v2\/users\/1"}],"replies":[{"embeddable":true,"href":"https:\/\/www.egemtv.com\/index.php?rest_route=%2Fwp%2Fv2%2Fcomments&post=17331"}],"version-history":[{"count":1,"href":"https:\/\/www.egemtv.com\/index.php?rest_route=\/wp\/v2\/posts\/17331\/revisions"}],"predecessor-version":[{"id":17333,"href":"https:\/\/www.egemtv.com\/index.php?rest_route=\/wp\/v2\/posts\/17331\/revisions\/17333"}],"wp:featuredmedia":[{"embeddable":true,"href":"https:\/\/www.egemtv.com\/index.php?rest_route=\/wp\/v2\/media\/17332"}],"wp:attachment":[{"href":"https:\/\/www.egemtv.com\/index.php?rest_route=%2Fwp%2Fv2%2Fmedia&parent=17331"}],"wp:term":[{"taxonomy":"category","embeddable":true,"href":"https:\/\/www.egemtv.com\/index.php?rest_route=%2Fwp%2Fv2%2Fcategories&post=17331"},{"taxonomy":"post_tag","embeddable":true,"href":"https:\/\/www.egemtv.com\/index.php?rest_route=%2Fwp%2Fv2%2Ftags&post=17331"}],"curies":[{"name":"wp","href":"https:\/\/api.w.org\/{rel}","templated":true}]}}