{"id":17328,"date":"2025-02-09T16:10:55","date_gmt":"2025-02-09T13:10:55","guid":{"rendered":"https:\/\/www.egemtv.com\/?p=17328"},"modified":"2025-02-09T16:11:00","modified_gmt":"2025-02-09T13:11:00","slug":"datcalilar-gunesin-tadini-sahilde-cikardi","status":"publish","type":"post","link":"https:\/\/www.egemtv.com\/?p=17328","title":{"rendered":"Dat\u00e7al\u0131lar g\u00fcne\u015fin tad\u0131n\u0131 sahilde \u00e7\u0131kard\u0131"},"content":{"rendered":"<p>Mu\u011fla\u2019n\u0131n Dat\u00e7a il\u00e7esinde Pazar g\u00fcn\u00fc g\u00fcne\u015fli havay\u0131 f\u0131rsat bilen vatanda\u015flar, g\u00fcne\u015fin tad\u0131n\u0131 sahilde \u00e7\u0131kard\u0131.<\/p>\n<p>Mu\u011fla\u2019n\u0131n \u00f6nemli turizm beldelerinden olan Dat\u00e7a il\u00e7esinde haftasonu etkili olan g\u00fcne\u015fli havay\u0131 f\u0131rsat bilen vatanda\u015flar, sahillere ak\u0131n etti. Pazar g\u00fcn\u00fc g\u00fcne\u015fi g\u00f6ren Dat\u00e7al\u0131lar vakitlerini sahil kenar\u0131nda ge\u00e7irerek g\u00fcne\u015fin tad\u0131n\u0131 \u00e7\u0131kard\u0131. Hava s\u0131cakl\u0131\u011f\u0131n\u0131n 14 derece oldu\u011fu il\u00e7ede, baz\u0131 vatanda\u015flar sahilde y\u00fcr\u00fcy\u00fc\u015f yaparken, baz\u0131lar\u0131 bal\u0131k tutmay\u0131 tercih etti. Kafelerde \u00e7ay ve kahve i\u00e7en vatanda\u015flar g\u00fcne\u015fin tad\u0131n\u0131 \u00e7\u0131kar\u0131rken, \u00f6zellikle \u00f6\u011fle saatlerinden itibaren sahil band\u0131nda yo\u011funluk ya\u015fand\u0131. Tatili de\u011ferlendiren \u00f6\u011frenciler de aileleriyle birlikte gezintiye \u00e7\u0131kt\u0131. Park alanlar\u0131nda oynayan \u00e7ocuklar, aileleriyle birlikte sahil boyunca y\u00fcr\u00fcy\u00fc\u015f yapt\u0131.<br \/><\/p>\n","protected":false},"excerpt":{"rendered":"<p>Mu\u011fla\u2019n\u0131n Dat\u00e7a il\u00e7esinde Pazar g\u00fcn\u00fc g\u00fcne\u015fli havay\u0131 f\u0131rsat bilen vatanda\u015flar, g\u00fcne\u015fin tad\u0131n\u0131 sahilde \u00e7\u0131kard\u0131. Mu\u011fla\u2019n\u0131n \u00f6nemli turizm beldelerinden olan Dat\u00e7a il\u00e7esinde haftasonu etkili olan g\u00fcne\u015fli havay\u0131 f\u0131rsat bilen vatanda\u015flar, sahillere ak\u0131n etti. Pazar g\u00fcn\u00fc g\u00fcne\u015fi g\u00f6ren Dat\u00e7al\u0131lar vakitlerini sahil kenar\u0131nda ge\u00e7irerek g\u00fcne\u015fin tad\u0131n\u0131 \u00e7\u0131kard\u0131. Hava s\u0131cakl\u0131\u011f\u0131n\u0131n 14 derece oldu\u011fu il\u00e7ede, baz\u0131 vatanda\u015flar sahilde y\u00fcr\u00fcy\u00fc\u015f yaparken,&#8230;<\/p>\n","protected":false},"author":1,"featured_media":17329,"comment_status":"open","ping_status":"open","sticky":false,"template":"","format":"standard","meta":{"_crdt_document":"","footnotes":""},"categories":[1],"tags":[],"class_list":["post-17328","post","type-post","status-publish","format-standard","has-post-thumbnail","hentry","category-guncel"],"_links":{"self":[{"href":"https:\/\/www.egemtv.com\/index.php?rest_route=\/wp\/v2\/posts\/17328","targetHints":{"allow":["GET"]}}],"collection":[{"href":"https:\/\/www.egemtv.com\/index.php?rest_route=\/wp\/v2\/posts"}],"about":[{"href":"https:\/\/www.egemtv.com\/index.php?rest_route=\/wp\/v2\/types\/post"}],"author":[{"embeddable":true,"href":"https:\/\/www.egemtv.com\/index.php?rest_route=\/wp\/v2\/users\/1"}],"replies":[{"embeddable":true,"href":"https:\/\/www.egemtv.com\/index.php?rest_route=%2Fwp%2Fv2%2Fcomments&post=17328"}],"version-history":[{"count":1,"href":"https:\/\/www.egemtv.com\/index.php?rest_route=\/wp\/v2\/posts\/17328\/revisions"}],"predecessor-version":[{"id":17330,"href":"https:\/\/www.egemtv.com\/index.php?rest_route=\/wp\/v2\/posts\/17328\/revisions\/17330"}],"wp:featuredmedia":[{"embeddable":true,"href":"https:\/\/www.egemtv.com\/index.php?rest_route=\/wp\/v2\/media\/17329"}],"wp:attachment":[{"href":"https:\/\/www.egemtv.com\/index.php?rest_route=%2Fwp%2Fv2%2Fmedia&parent=17328"}],"wp:term":[{"taxonomy":"category","embeddable":true,"href":"https:\/\/www.egemtv.com\/index.php?rest_route=%2Fwp%2Fv2%2Fcategories&post=17328"},{"taxonomy":"post_tag","embeddable":true,"href":"https:\/\/www.egemtv.com\/index.php?rest_route=%2Fwp%2Fv2%2Ftags&post=17328"}],"curies":[{"name":"wp","href":"https:\/\/api.w.org\/{rel}","templated":true}]}}