{"id":17323,"date":"2025-02-09T15:58:52","date_gmt":"2025-02-09T12:58:52","guid":{"rendered":"https:\/\/www.egemtv.com\/?p=17323"},"modified":"2025-02-09T15:59:02","modified_gmt":"2025-02-09T12:59:02","slug":"baskan-ay-cadirimizin-kapisi-yoktur-gonlumuz-kalbimiz-herkese-aciktir-2","status":"publish","type":"post","link":"https:\/\/www.egemtv.com\/?p=17323","title":{"rendered":"Ba\u015fkan Ay: &#8220;\u00c7ad\u0131r\u0131m\u0131z\u0131n kap\u0131s\u0131 yoktur, g\u00f6nl\u00fcm\u00fcz kalbimiz herkese a\u00e7\u0131kt\u0131r&#8221;"},"content":{"rendered":"<p>Ku\u015fadas\u0131 Y\u00f6r\u00fck T\u00fcrkmen Derne\u011fi taraf\u0131ndan \u0130ncirliova\u2019da Y\u00f6resel Festival ve Tekstil Fuar\u0131 ba\u015flat\u0131ld\u0131. 16 \u015eubat\u2019a kadar s\u00fcrecek festivale vatanda\u015flar\u0131n ilgisi yo\u011funu belirten Dernek Ba\u015fkan\u0131 Serkan Ay, &#8220;\u00c7ad\u0131r\u0131m\u0131z\u0131n kap\u0131s\u0131 yoktur, g\u00f6nl\u00fcm\u00fcz kalbimiz herkese a\u00e7\u0131kt\u0131r&#8221; dedi.<\/p>\n<p>Ku\u015fadas\u0131 Y\u00f6r\u00fck T\u00fcrkmen Derne\u011fi Ba\u015fkan\u0131 Serkan Ay ve y\u00f6netimi taraf\u0131ndan, \u0130ncirliova\u2019da 10 g\u00fcn s\u00fcrecek Y\u00f6resel Festival ve Tekstil Fuar\u0131, Cumhuriyet Meydan\u0131nda devam ediyor. Y\u00f6resel tekstil \u00fcr\u00fcnlerinin bulundu\u011fu fuara vatanda\u015flar yo\u011fun ilgi g\u00f6sterdi. Farkl\u0131 y\u00f6relere ait lezzetlerin tad\u0131na bakan vatanda\u015flar, bol bol al\u0131\u015fveri\u015f yapt\u0131. Sucuk, peynir \u00e7e\u015fitleri, \u00e7a\u011f kebap, i\u00e7li ve \u00e7i\u011f k\u00f6fte, sarma, tatl\u0131 \u00e7e\u015fitleri, baharat ve sal\u00e7a \u00e7e\u015fitlerinin yan\u0131 s\u0131ra k\u0131yafet, mutfak malzemelerinin sat\u0131ld\u0131\u011f\u0131 \u015fenlik 16 \u015eubat\u2019a kadar misafirlerini a\u011f\u0131rlamaya devam edecek.<\/p>\n<p>Fuar alan\u0131nda Ba\u015fkan Ay, Y\u00f6r\u00fck \u00e7ad\u0131r\u0131 kurdu. Y\u00f6r\u00fck \u00e7ad\u0131r\u0131na gelen vatanda\u015flar ve gen\u00e7lere, y\u00f6r\u00fck k\u00fclt\u00fcr\u00fc tan\u0131t\u0131l\u0131yor. \u015eenli\u011fe ili\u015fkin konu\u015fan Ba\u015fkan Ay, &#8220;Ku\u015fadas\u0131 Y\u00f6r\u00fck T\u00fcrkmenler Derne\u011fi olarak k\u00fclt\u00fcr\u00fcm\u00fcz\u00fc ya\u015fat\u0131yoruz. Yeni nesillere anlat\u0131yoruz. K\u0131l, ota\u011f\u0131 \u00e7ad\u0131r\u0131m\u0131z\u0131 kurduk. Eski ayakkab\u0131lar, gaz lambalar\u0131, mutfak malzemeleri, sand\u0131klar, postakiler, \u00e7oban kepene\u011fi gibi bir \u00e7ok y\u00f6r\u00fck malzemesini de burada tan\u0131t\u0131yoruz. Ayr\u0131ca g\u00f6zleme yap\u0131yoruz ve gelen misafirlerimize \u00e7ay ve ayran e\u015fli\u011finde ikram ediyoruz. \u00c7ad\u0131r\u0131m\u0131z\u0131n kap\u0131s\u0131 yoktur, g\u00f6nl\u00fcm\u00fcz kalbimiz herkese a\u00e7\u0131kt\u0131r&#8221; dedi.<br \/><\/p>\n","protected":false},"excerpt":{"rendered":"<p>Ku\u015fadas\u0131 Y\u00f6r\u00fck T\u00fcrkmen Derne\u011fi taraf\u0131ndan \u0130ncirliova\u2019da Y\u00f6resel Festival ve Tekstil Fuar\u0131 ba\u015flat\u0131ld\u0131. 16 \u015eubat\u2019a kadar s\u00fcrecek festivale vatanda\u015flar\u0131n ilgisi yo\u011funu belirten Dernek Ba\u015fkan\u0131 Serkan Ay, &#8220;\u00c7ad\u0131r\u0131m\u0131z\u0131n kap\u0131s\u0131 yoktur, g\u00f6nl\u00fcm\u00fcz kalbimiz herkese a\u00e7\u0131kt\u0131r&#8221; dedi. Ku\u015fadas\u0131 Y\u00f6r\u00fck T\u00fcrkmen Derne\u011fi Ba\u015fkan\u0131 Serkan Ay ve y\u00f6netimi taraf\u0131ndan, \u0130ncirliova\u2019da 10 g\u00fcn s\u00fcrecek Y\u00f6resel Festival ve Tekstil Fuar\u0131, Cumhuriyet Meydan\u0131nda devam&#8230;<\/p>\n","protected":false},"author":1,"featured_media":17324,"comment_status":"open","ping_status":"open","sticky":false,"template":"","format":"standard","meta":{"_crdt_document":"","footnotes":""},"categories":[1],"tags":[],"class_list":["post-17323","post","type-post","status-publish","format-standard","has-post-thumbnail","hentry","category-guncel"],"_links":{"self":[{"href":"https:\/\/www.egemtv.com\/index.php?rest_route=\/wp\/v2\/posts\/17323","targetHints":{"allow":["GET"]}}],"collection":[{"href":"https:\/\/www.egemtv.com\/index.php?rest_route=\/wp\/v2\/posts"}],"about":[{"href":"https:\/\/www.egemtv.com\/index.php?rest_route=\/wp\/v2\/types\/post"}],"author":[{"embeddable":true,"href":"https:\/\/www.egemtv.com\/index.php?rest_route=\/wp\/v2\/users\/1"}],"replies":[{"embeddable":true,"href":"https:\/\/www.egemtv.com\/index.php?rest_route=%2Fwp%2Fv2%2Fcomments&post=17323"}],"version-history":[{"count":1,"href":"https:\/\/www.egemtv.com\/index.php?rest_route=\/wp\/v2\/posts\/17323\/revisions"}],"predecessor-version":[{"id":17326,"href":"https:\/\/www.egemtv.com\/index.php?rest_route=\/wp\/v2\/posts\/17323\/revisions\/17326"}],"wp:featuredmedia":[{"embeddable":true,"href":"https:\/\/www.egemtv.com\/index.php?rest_route=\/wp\/v2\/media\/17324"}],"wp:attachment":[{"href":"https:\/\/www.egemtv.com\/index.php?rest_route=%2Fwp%2Fv2%2Fmedia&parent=17323"}],"wp:term":[{"taxonomy":"category","embeddable":true,"href":"https:\/\/www.egemtv.com\/index.php?rest_route=%2Fwp%2Fv2%2Fcategories&post=17323"},{"taxonomy":"post_tag","embeddable":true,"href":"https:\/\/www.egemtv.com\/index.php?rest_route=%2Fwp%2Fv2%2Ftags&post=17323"}],"curies":[{"name":"wp","href":"https:\/\/api.w.org\/{rel}","templated":true}]}}