{"id":17316,"date":"2025-02-09T15:07:44","date_gmt":"2025-02-09T12:07:44","guid":{"rendered":"https:\/\/www.egemtv.com\/?p=17316"},"modified":"2025-02-09T15:07:49","modified_gmt":"2025-02-09T12:07:49","slug":"manisa-bbsk-67-kulup-icinde-3uncu-oldu","status":"publish","type":"post","link":"https:\/\/www.egemtv.com\/?p=17316","title":{"rendered":"Manisa BBSK 67 kul\u00fcp i\u00e7inde 3\u2019\u00fcnc\u00fc oldu"},"content":{"rendered":"<p>Manisa B\u00fcy\u00fck\u015fehir Belediyespor Karate Tak\u0131m\u0131 U\u015fak\u2019ta 67 kul\u00fcb\u00fcn kat\u0131l\u0131m\u0131yla ger\u00e7ekle\u015ftirilen Ege Karate Ligi 2. Etab\u0131nda 5\u2019i alt\u0131n olmak \u00fczere kazand\u0131\u011f\u0131 22 madalya ile 3\u2019\u00fcnc\u00fc s\u0131rada yer ald\u0131.<br \/>\n<br \/>U\u015fak\u2019ta 67 kul\u00fcpten 875 sporcunun yar\u0131\u015ft\u0131\u011f\u0131 Ege Karate Ligi 2. Etap m\u00fcsabakalar\u0131 8 \u015eubat Cumartesi G\u00fcn\u00fc yap\u0131ld\u0131. Manisa B\u00fcy\u00fck\u015fehir Belediyespor Kul\u00fcb\u00fcn\u00fc temsil eden sporcular \u00fcst\u00fcn performans g\u00f6stererek toplam 22 madalya kazand\u0131. Madalya s\u0131ralamas\u0131nda Manisa BBSK 67 kul\u00fcp i\u00e7erisinde 3\u2019\u00fcnc\u00fc olarak yine b\u00fcy\u00fck bir ba\u015far\u0131ya imza att\u0131.<br \/>\n<br \/>Manisa BBSK Karate sporcular\u0131ndan Batuhan Bay\u0131r, Umut Yusuf \u0130zci, Mehmet Talha Kartal, Ayaz Ta\u015far ve Furkan Efe Salt\u0131k alt\u0131n madalya kazan\u0131rken, Kadir Efe G\u00fcner, Sevde Ayg\u00fcl, Ilg\u0131n G\u00fclal ve Berat Kazak g\u00fcm\u00fc\u015f madalya, G\u00fcl\u00e7in Aky\u0131ld\u0131z, Kevser Koparan, Yelda Macidi, Berke T\u0131rnova, Ahmet Can, \u00c7a\u011fan Y\u0131lmaz, Alperen Ayas, Arif De\u011firmenci, Mustafa Furkan Ak\u00e7a\u011flar, Mila Kurto\u011flu, Asya \u0130kra Erce, Ceylin Can ve \u00c7\u0131nar Enis \u0130lhan ise bronz madalya kazand\u0131.<br \/>\n<br \/>Manisa BBSK Karate Tak\u0131m\u0131 Antren\u00f6r\u00fc Ali E\u015fsiz, &#8220;T\u00fcm kafilemizi tebrik ederiz. Desteklerinden dolay\u0131 Manisa B\u00fcy\u00fck\u015fehir Belediyespor Kul\u00fcb\u00fcm\u00fcze te\u015fekk\u00fcr ederiz.&#8221; dedi.<br \/><\/p>\n","protected":false},"excerpt":{"rendered":"<p>Manisa B\u00fcy\u00fck\u015fehir Belediyespor Karate Tak\u0131m\u0131 U\u015fak\u2019ta 67 kul\u00fcb\u00fcn kat\u0131l\u0131m\u0131yla ger\u00e7ekle\u015ftirilen Ege Karate Ligi 2. Etab\u0131nda 5\u2019i alt\u0131n olmak \u00fczere kazand\u0131\u011f\u0131 22 madalya ile 3\u2019\u00fcnc\u00fc s\u0131rada yer ald\u0131. U\u015fak\u2019ta 67 kul\u00fcpten 875 sporcunun yar\u0131\u015ft\u0131\u011f\u0131 Ege Karate Ligi 2. Etap m\u00fcsabakalar\u0131 8 \u015eubat Cumartesi G\u00fcn\u00fc yap\u0131ld\u0131. Manisa B\u00fcy\u00fck\u015fehir Belediyespor Kul\u00fcb\u00fcn\u00fc temsil eden sporcular \u00fcst\u00fcn performans g\u00f6stererek toplam&#8230;<\/p>\n","protected":false},"author":1,"featured_media":17317,"comment_status":"open","ping_status":"open","sticky":false,"template":"","format":"standard","meta":{"_crdt_document":"","footnotes":""},"categories":[4],"tags":[],"class_list":["post-17316","post","type-post","status-publish","format-standard","has-post-thumbnail","hentry","category-spor"],"_links":{"self":[{"href":"https:\/\/www.egemtv.com\/index.php?rest_route=\/wp\/v2\/posts\/17316","targetHints":{"allow":["GET"]}}],"collection":[{"href":"https:\/\/www.egemtv.com\/index.php?rest_route=\/wp\/v2\/posts"}],"about":[{"href":"https:\/\/www.egemtv.com\/index.php?rest_route=\/wp\/v2\/types\/post"}],"author":[{"embeddable":true,"href":"https:\/\/www.egemtv.com\/index.php?rest_route=\/wp\/v2\/users\/1"}],"replies":[{"embeddable":true,"href":"https:\/\/www.egemtv.com\/index.php?rest_route=%2Fwp%2Fv2%2Fcomments&post=17316"}],"version-history":[{"count":1,"href":"https:\/\/www.egemtv.com\/index.php?rest_route=\/wp\/v2\/posts\/17316\/revisions"}],"predecessor-version":[{"id":17318,"href":"https:\/\/www.egemtv.com\/index.php?rest_route=\/wp\/v2\/posts\/17316\/revisions\/17318"}],"wp:featuredmedia":[{"embeddable":true,"href":"https:\/\/www.egemtv.com\/index.php?rest_route=\/wp\/v2\/media\/17317"}],"wp:attachment":[{"href":"https:\/\/www.egemtv.com\/index.php?rest_route=%2Fwp%2Fv2%2Fmedia&parent=17316"}],"wp:term":[{"taxonomy":"category","embeddable":true,"href":"https:\/\/www.egemtv.com\/index.php?rest_route=%2Fwp%2Fv2%2Fcategories&post=17316"},{"taxonomy":"post_tag","embeddable":true,"href":"https:\/\/www.egemtv.com\/index.php?rest_route=%2Fwp%2Fv2%2Ftags&post=17316"}],"curies":[{"name":"wp","href":"https:\/\/api.w.org\/{rel}","templated":true}]}}