{"id":17305,"date":"2025-02-09T15:01:50","date_gmt":"2025-02-09T12:01:50","guid":{"rendered":"https:\/\/www.egemtv.com\/?p=17305"},"modified":"2025-02-09T15:02:06","modified_gmt":"2025-02-09T12:02:06","slug":"baskan-balaban-fatih-mahallesi-sakinleriyle-bulustu-2","status":"publish","type":"post","link":"https:\/\/www.egemtv.com\/?p=17305","title":{"rendered":"Ba\u015fkan Balaban Fatih Mahallesi sakinleriyle bulu\u015ftu"},"content":{"rendered":"<p>Yunusemre Belediye Ba\u015fkan\u0131 Semih Balaban, Fatih Mahallesi\u2019nde vatanda\u015flarla bir araya gelerek imar plan\u0131 ve kentsel d\u00f6n\u00fc\u015f\u00fcmle ilgili sorular\u0131 yan\u0131tlad\u0131. Ba\u015fkan Balaban, mahalle sakinlerinin taleplerini dinleyerek, sorunlar\u0131 \u00e7\u00f6zmek i\u00e7in kararl\u0131l\u0131kla \u00e7al\u0131\u015ft\u0131klar\u0131n\u0131 vurgulad\u0131.<br \/>\n<br \/>Yunusemre Belediye Ba\u015fkan\u0131 Semih Balaban, Fatih Mahallesi\u2019nde vatanda\u015flarla kahvalt\u0131da bulu\u015ftu. Programa, Belediye Ba\u015fkan Yard\u0131mc\u0131lar\u0131 Mehmet Mesut Do\u011fan ve Emine \u00d6zge Arslan ile CHP Yunusemre \u0130l\u00e7e Ba\u015fkan\u0131 Mehmet Arslan da kat\u0131ld\u0131. Vatanda\u015flar, mahallede planlanan kentsel d\u00f6n\u00fc\u015f\u00fcmle ilgili endi\u015felerini dile getirirken, Ba\u015fkan Balaban s\u00fcrece dair \u00f6nemli a\u00e7\u0131klamalarda bulundu.<\/p>\n<p>&#8220;Halk\u0131m\u0131z\u0131n \u00e7\u0131karlar\u0131n\u0131 korumak \u00f6nceli\u011fimiz&#8221;<br \/>\n<br \/>\u00c7al\u0131\u015fmalar\u0131n halk\u0131n yarar\u0131na olacak \u015fekilde y\u00fcr\u00fct\u00fcld\u00fc\u011f\u00fcn\u00fc belirten Ba\u015fkan Balaban, \u015funlar\u0131 s\u00f6yledi: &#8220;Biz her zaman sosyal demokrat bir anlay\u0131\u015fla hareket ederek halk\u0131m\u0131z\u0131 kucaklayan bir belediyecilik anlay\u0131\u015f\u0131 benimsiyoruz. Vatanda\u015f\u0131n \u00e7\u0131karlar\u0131n\u0131 her \u015feyin \u00f6n\u00fcnde tutuyor, belediye olarak bu s\u00fcre\u00e7te halk\u0131m\u0131z\u0131n yan\u0131nda yer al\u0131yoruz. Fatih Mahallesi\u2019nde ger\u00e7ekle\u015ftirilecek kentsel d\u00f6n\u00fc\u015f\u00fcmde, mahalle sakinlerinin en iyi \u015fekilde faydalanmas\u0131n\u0131 istiyoruz. Kimseyi ma\u011fdur etmeden, en adil \u015fekilde hareket edece\u011fiz. Halk\u0131m\u0131z\u0131n eme\u011fi bizim i\u00e7in kutsald\u0131r. \u015eu an oturduklar\u0131 evleri b\u00fcy\u00fck emek ve fedak\u00e2rl\u0131klarla kazand\u0131lar. Halk\u0131m\u0131z\u0131n r\u0131zas\u0131 olmadan hi\u00e7bir ad\u0131m at\u0131lmayacakt\u0131r. Bu s\u00fcre\u00e7te elimizden gelen her \u015feyi yapmaya haz\u0131r\u0131z.&#8221;<br \/>\n<br \/>Kahvalt\u0131n\u0131n ard\u0131ndan Fatih Mahallesi Muhtar\u0131 Tansel Sat\u0131c\u0131 ile bir araya gelen Ba\u015fkan Balaban, imar planlar\u0131n\u0131 inceledi. Belediye olarak kentsel d\u00f6n\u00fc\u015f\u00fcm s\u00fcrecinde Fatihlilerin yan\u0131nda olmaya devam edeceklerini belirtti.<br \/><\/p>\n","protected":false},"excerpt":{"rendered":"<p>Yunusemre Belediye Ba\u015fkan\u0131 Semih Balaban, Fatih Mahallesi\u2019nde vatanda\u015flarla bir araya gelerek imar plan\u0131 ve kentsel d\u00f6n\u00fc\u015f\u00fcmle ilgili sorular\u0131 yan\u0131tlad\u0131. Ba\u015fkan Balaban, mahalle sakinlerinin taleplerini dinleyerek, sorunlar\u0131 \u00e7\u00f6zmek i\u00e7in kararl\u0131l\u0131kla \u00e7al\u0131\u015ft\u0131klar\u0131n\u0131 vurgulad\u0131. Yunusemre Belediye Ba\u015fkan\u0131 Semih Balaban, Fatih Mahallesi\u2019nde vatanda\u015flarla kahvalt\u0131da bulu\u015ftu. Programa, Belediye Ba\u015fkan Yard\u0131mc\u0131lar\u0131 Mehmet Mesut Do\u011fan ve Emine \u00d6zge Arslan ile CHP Yunusemre&#8230;<\/p>\n","protected":false},"author":1,"featured_media":17308,"comment_status":"open","ping_status":"open","sticky":false,"template":"","format":"standard","meta":{"_crdt_document":"","footnotes":""},"categories":[127],"tags":[],"class_list":["post-17305","post","type-post","status-publish","format-standard","has-post-thumbnail","hentry","category-siyaset"],"_links":{"self":[{"href":"https:\/\/www.egemtv.com\/index.php?rest_route=\/wp\/v2\/posts\/17305","targetHints":{"allow":["GET"]}}],"collection":[{"href":"https:\/\/www.egemtv.com\/index.php?rest_route=\/wp\/v2\/posts"}],"about":[{"href":"https:\/\/www.egemtv.com\/index.php?rest_route=\/wp\/v2\/types\/post"}],"author":[{"embeddable":true,"href":"https:\/\/www.egemtv.com\/index.php?rest_route=\/wp\/v2\/users\/1"}],"replies":[{"embeddable":true,"href":"https:\/\/www.egemtv.com\/index.php?rest_route=%2Fwp%2Fv2%2Fcomments&post=17305"}],"version-history":[{"count":1,"href":"https:\/\/www.egemtv.com\/index.php?rest_route=\/wp\/v2\/posts\/17305\/revisions"}],"predecessor-version":[{"id":17311,"href":"https:\/\/www.egemtv.com\/index.php?rest_route=\/wp\/v2\/posts\/17305\/revisions\/17311"}],"wp:featuredmedia":[{"embeddable":true,"href":"https:\/\/www.egemtv.com\/index.php?rest_route=\/wp\/v2\/media\/17308"}],"wp:attachment":[{"href":"https:\/\/www.egemtv.com\/index.php?rest_route=%2Fwp%2Fv2%2Fmedia&parent=17305"}],"wp:term":[{"taxonomy":"category","embeddable":true,"href":"https:\/\/www.egemtv.com\/index.php?rest_route=%2Fwp%2Fv2%2Fcategories&post=17305"},{"taxonomy":"post_tag","embeddable":true,"href":"https:\/\/www.egemtv.com\/index.php?rest_route=%2Fwp%2Fv2%2Ftags&post=17305"}],"curies":[{"name":"wp","href":"https:\/\/api.w.org\/{rel}","templated":true}]}}