{"id":17300,"date":"2025-02-09T15:01:34","date_gmt":"2025-02-09T12:01:34","guid":{"rendered":"https:\/\/www.egemtv.com\/?p=17300"},"modified":"2025-02-09T15:01:50","modified_gmt":"2025-02-09T12:01:50","slug":"manisa-buyuksehirden-yuzlerce-kadina-kulturel-gezi-2","status":"publish","type":"post","link":"https:\/\/www.egemtv.com\/?p=17300","title":{"rendered":"Manisa B\u00dcy\u00fck\u015fehir\u2019den y\u00fczlerce kad\u0131na k\u00fclt\u00fcrel gezi"},"content":{"rendered":"<p>Manisa B\u00fcy\u00fck\u015fehir Belediyesinin, sosyal belediyecilik anlay\u0131\u015f\u0131 ile kad\u0131nlar\u0131n sosyal ya\u015famla daha g\u00fc\u00e7l\u00fc bir ba\u011f kurmalar\u0131, toplumsal hayata kat\u0131l\u0131mlar\u0131n\u0131 sa\u011flamak ve kentin tarihini tan\u0131tmak amac\u0131yla ba\u015flatt\u0131\u011f\u0131 &#8220;Ad\u0131m Ad\u0131m Manisa&#8221; projesi devam ediyor.<br \/>\n<br \/>Proje kapsam\u0131nda, ge\u00e7ti\u011fimiz ay, Demirci, G\u00f6lmarmara, K\u0131rka\u011fa\u00e7, Kula, Saruhanl\u0131, Selendi, Soma ve Turgutlu il\u00e7elerinden toplam 703 ki\u015filik kad\u0131n kafilesini a\u011f\u0131rland\u0131. 8 il\u00e7eden gelen kad\u0131nlar, Manisa\u2019n\u0131n tarihi ve k\u00fclt\u00fcrel noktalar\u0131n\u0131 ziyaret ederek, keyifli bir g\u00fcn ge\u00e7irdi. Ad\u0131m Ad\u0131m Manisa projesinin yan\u0131 s\u0131ra ge\u00e7ti\u011fimiz ay &#8220;Ad\u0131m Ad\u0131m Salihli&#8221; ve &#8220;Ad\u0131m Ad\u0131m Kula&#8221; projelerinde de merkezde ya\u015fayan 539 kad\u0131n, bu iki il\u00e7enin tarihi ve turistik yerlerini ke\u015ffetme imkan\u0131 buldu. Proje kapsam\u0131nda, ge\u00e7ti\u011fimiz ay, Demirci\u2019den 84, G\u00f6lmarmara\u2019dan 75, K\u0131rka\u011fa\u00e7\u2019tan 93,  Kula\u2019dan 95, Saruhanl\u0131\u2019dan 88, Selendi\u2019den 96, Soma\u2019dan 91, Turgutlu\u2019dan 91 olmak \u00fczere toplamda 703 kad\u0131n, Manisa\u2019ya geldi. Han\u0131mlar Aile \u00c7ay Bah\u00e7esi\u2019nde B\u00fcy\u00fck\u015fehir Belediyesi yetkilileri taraf\u0131ndan kar\u015f\u0131lanan kad\u0131nlar, kahvalt\u0131 ikram\u0131n\u0131n ard\u0131ndan T\u0131p Tarihi M\u00fczesi ve Hafsa Sultan Camii\u2019ni ziyaret ederek bu mekanlar\u0131n tarihi \u00f6nemi hakk\u0131nda bilgi ald\u0131. Mimar Sinan\u2019\u0131n Ege B\u00f6lgesi\u2019ndeki tek eseri olan Muradiye Camii, gezi program\u0131n\u0131n dikkat \u00e7eken duraklar\u0131 aras\u0131ndayd\u0131.<br \/>\n<br \/>\u0130l\u00e7elerden gelen kad\u0131nlar, Mevlevihane\u2019de \u015fehrin e\u015fsiz manzaras\u0131n\u0131 izleme f\u0131rsat\u0131 buldu. A\u011flayan Kaya ve Dioramik Mesir M\u00fczesi gibi mekanlar da ziyaret\u00e7ilerden yo\u011fun ilgi g\u00f6rd\u00fc. Masal Park\u0131 ve \u015eehzadeler Park\u2019taki minyat\u00fcr eserler de b\u00fcy\u00fck ilgi g\u00f6rd\u00fc. Program\u0131n \u00f6\u011fleden sonraki b\u00f6l\u00fcm\u00fcnde, Osmanl\u0131 M\u00fczesi ve \u0130rfan Meclisi gibi \u00f6nemli k\u00fclt\u00fcrel noktalar ziyaret edildi. Keyifli bir g\u00fcn ge\u00e7iren kad\u0131n kafilesi, Manisa\u2019n\u0131n tarihi ve k\u00fclt\u00fcrel miras\u0131n\u0131 yak\u0131ndan tan\u0131ma f\u0131rsat\u0131 buldu.<br \/>\n<br \/>Manisa B\u00fcy\u00fck\u015fehir Belediyesi, sosyal sorumluluk projeleri kapsam\u0131nda d\u00fczenledi\u011fi gezilerle merkezde ya\u015fayan kad\u0131nlar, il\u00e7elerdeki tarihi ve turistik yerleri ziyaret etme f\u0131rsat\u0131 bulurken,  k\u0131rsalda ya\u015fayan kad\u0131nlar ise \u015fehir merkezinin tarihi ve k\u00fclt\u00fcrel zenginliklerini tan\u0131ma f\u0131rsat\u0131 yakal\u0131yor. Ad\u0131m Ad\u0131m Manisa projesinin yan\u0131 s\u0131ra ge\u00e7ti\u011fimiz ay Ad\u0131m Ad\u0131m Salihli ve Ad\u0131m Ad\u0131m Kula projelerinde de merkezde ya\u015fayan 539 kad\u0131n, bu iki il\u00e7enin tarihi ve turistik yerlerini ke\u015ffetme imkan\u0131 buldu.<br \/><\/p>\n","protected":false},"excerpt":{"rendered":"<p>Manisa B\u00fcy\u00fck\u015fehir Belediyesinin, sosyal belediyecilik anlay\u0131\u015f\u0131 ile kad\u0131nlar\u0131n sosyal ya\u015famla daha g\u00fc\u00e7l\u00fc bir ba\u011f kurmalar\u0131, toplumsal hayata kat\u0131l\u0131mlar\u0131n\u0131 sa\u011flamak ve kentin tarihini tan\u0131tmak amac\u0131yla ba\u015flatt\u0131\u011f\u0131 &#8220;Ad\u0131m Ad\u0131m Manisa&#8221; projesi devam ediyor. Proje kapsam\u0131nda, ge\u00e7ti\u011fimiz ay, Demirci, G\u00f6lmarmara, K\u0131rka\u011fa\u00e7, Kula, Saruhanl\u0131, Selendi, Soma ve Turgutlu il\u00e7elerinden toplam 703 ki\u015filik kad\u0131n kafilesini a\u011f\u0131rland\u0131. 8 il\u00e7eden gelen kad\u0131nlar,&#8230;<\/p>\n","protected":false},"author":1,"featured_media":17301,"comment_status":"open","ping_status":"open","sticky":false,"template":"","format":"standard","meta":{"_crdt_document":"","footnotes":""},"categories":[123],"tags":[],"class_list":["post-17300","post","type-post","status-publish","format-standard","has-post-thumbnail","hentry","category-gundem"],"_links":{"self":[{"href":"https:\/\/www.egemtv.com\/index.php?rest_route=\/wp\/v2\/posts\/17300","targetHints":{"allow":["GET"]}}],"collection":[{"href":"https:\/\/www.egemtv.com\/index.php?rest_route=\/wp\/v2\/posts"}],"about":[{"href":"https:\/\/www.egemtv.com\/index.php?rest_route=\/wp\/v2\/types\/post"}],"author":[{"embeddable":true,"href":"https:\/\/www.egemtv.com\/index.php?rest_route=\/wp\/v2\/users\/1"}],"replies":[{"embeddable":true,"href":"https:\/\/www.egemtv.com\/index.php?rest_route=%2Fwp%2Fv2%2Fcomments&post=17300"}],"version-history":[{"count":1,"href":"https:\/\/www.egemtv.com\/index.php?rest_route=\/wp\/v2\/posts\/17300\/revisions"}],"predecessor-version":[{"id":17306,"href":"https:\/\/www.egemtv.com\/index.php?rest_route=\/wp\/v2\/posts\/17300\/revisions\/17306"}],"wp:featuredmedia":[{"embeddable":true,"href":"https:\/\/www.egemtv.com\/index.php?rest_route=\/wp\/v2\/media\/17301"}],"wp:attachment":[{"href":"https:\/\/www.egemtv.com\/index.php?rest_route=%2Fwp%2Fv2%2Fmedia&parent=17300"}],"wp:term":[{"taxonomy":"category","embeddable":true,"href":"https:\/\/www.egemtv.com\/index.php?rest_route=%2Fwp%2Fv2%2Fcategories&post=17300"},{"taxonomy":"post_tag","embeddable":true,"href":"https:\/\/www.egemtv.com\/index.php?rest_route=%2Fwp%2Fv2%2Ftags&post=17300"}],"curies":[{"name":"wp","href":"https:\/\/api.w.org\/{rel}","templated":true}]}}