{"id":17295,"date":"2025-02-09T14:31:17","date_gmt":"2025-02-09T11:31:17","guid":{"rendered":"https:\/\/www.egemtv.com\/?p=17295"},"modified":"2025-02-09T14:31:25","modified_gmt":"2025-02-09T11:31:25","slug":"kongrede-maas-krizi","status":"publish","type":"post","link":"https:\/\/www.egemtv.com\/?p=17295","title":{"rendered":"Kongrede maa\u015f krizi"},"content":{"rendered":"<p>Manisa Esnaf ve Sanatkarlar Kredi ve Kefalet Kooperatifi\u2019nde (MESKOP) 74. Ola\u011fan Mali Se\u00e7imli Genel Kurulu Manisa Fuar Merkezi\u2019nde ger\u00e7ekle\u015ftirildi. Mevcut Ba\u015fkan Destan Bulgay ile Salih Karaa\u011fa\u00e7\u2019\u0131n yar\u0131\u015ft\u0131\u011f\u0131 genel kurul Manisa tarihinin en geni\u015f kat\u0131l\u0131ml\u0131 kongresi olarak tarihe ge\u00e7ti. Maa\u015f krizinin ya\u015fand\u0131\u011f\u0131 kongrede 120 bin TL olarak belirlenen ba\u015fkan maa\u015f\u0131 ortaklar\u0131n oy birli\u011fi ile 60 bin TL\u2019ye indirildi.<br \/>\n<br \/>Manisa Esnaf ve Sanatkarlar Kredi ve Kefalet Kooperatifi\u2019nde (MESKOP) 40 y\u0131la yak\u0131n bir s\u00fcredir ba\u015fkanl\u0131k yapan Recep \u00c7\u0131nar\u2019\u0131n 9 ay \u00f6nce g\u00f6revi devretti\u011fi Manisa Pazarc\u0131lar Odas\u0131 Ba\u015fkan\u0131 Destan Bulgay ile Manisa \u015eof\u00f6rler ve Otomobilciler Esnaf Odas\u0131 Ba\u015fkan\u0131  Salih Karaa\u011fa\u00e7 ba\u015fkanl\u0131k i\u00e7in yar\u0131\u015ft\u0131.<br \/>\n<br \/>Manisa Fuar Merkezi\u2019nde ger\u00e7ekle\u015ftirilen 74. Ola\u011fan Mali Se\u00e7imli Genel Kuruluna Manisa Esnaf ve Sanatkarlar Odalar\u0131 Birli\u011fi (MESOB) Ba\u015fkan\u0131 Hasan Geriter, Manisa 22. Esnaf ve Sanatkarlar Kredi ve Kefalet Kooperatifi B\u00f6lge Birli\u011fi Ba\u015fkan\u0131 Recep \u00c7\u0131nar, B\u00f6lge Birlik Ba\u015fkanvekili Fatih \u00c7ataldere, oda ba\u015fkanlar\u0131, esnaf ve sanatkarlar kat\u0131ld\u0131. Delegeler yo\u011fun g\u00fcvenlik \u00f6nlemleri alt\u0131nda salona al\u0131nd\u0131.<br \/>\n<br \/>\u0130ki aday\u0131n yar\u0131\u015ft\u0131\u011f\u0131 se\u00e7ime kat\u0131l\u0131m\u0131n y\u00fcksek olmas\u0131 dikkatlerden ka\u00e7mad\u0131. Se\u00e7imde 5 bin 300 orta\u011f\u0131n oy kullanma hakk\u0131 bulundu\u011fu Manisa Esnaf ve Sanatkarlar Kredi ve Kefalet Kooperatifi\u2019nin genel kurulunda Divan Ba\u015fkanl\u0131\u011f\u0131n\u0131 Ba\u015fkan Recep \u00c7\u0131nar yaparken, divanda Ba\u015fkanvekili Fatih \u00c7ataldere, Soma Esnaf Kefalet Ba\u015fkan\u0131 Ali Ayan, Salihli Esnaf Kefalet Ba\u015fkan\u0131 Erdal Tunca yer ald\u0131.<br \/>\n<br \/>40 y\u0131ll\u0131k ba\u015fkanl\u0131\u011f\u0131 devreden Recep \u00c7\u0131nar, tarihte ilk kez bu kadar geni\u015f kapsaml\u0131 bir se\u00e7im yap\u0131ld\u0131\u011f\u0131n\u0131 a\u00e7\u0131klad\u0131. Divan Ba\u015fkan\u0131 Recep \u00c7\u0131nar, genel kurula kat\u0131lan herkese te\u015fekk\u00fcr ederek, se\u00e7imlerin esnaf ve sanatkarlara hay\u0131rl\u0131 u\u011furlu olmas\u0131n\u0131 diledi.<\/p>\n<p>Ba\u015fkan\u0131n maa\u015f\u0131 tart\u0131\u015fmaya neden oldu<br \/>\n<br \/>Kooperatif ba\u015fkan\u0131na verilmesi planlanan ayl\u0131k \u00fccret ve huzur haklar\u0131yla ilgili maddede salonda bir anda tansiyon y\u00fckseldi. Ba\u015fkan\u0131n alaca\u011f\u0131 maa\u015f\u0131n 120 bin TL oldu\u011funu \u00f6\u011frenen ortaklar duruma itiraz ederken, maa\u015flar\u0131n milletvekili maa\u015f\u0131 kadar oldu\u011funu ve bunun d\u00fc\u015f\u00fcr\u00fclmesi gerekti\u011fini s\u00f6yledi. \u0130ki ba\u015fkan aday\u0131 75 bin TL maa\u015f konusunda anla\u015farak divan ba\u015fkan\u0131 taraf\u0131ndan oylamaya sunuldu ve salondakiler taraf\u0131ndan kabul edildi. 75 bin TL\u2019ye de itiraz eden baz\u0131 ortaklar bir \u00f6nerge vererek maa\u015f\u0131n 60 bin TL\u2019ye d\u00fc\u015f\u00fcr\u00fclmesini istedi. Ortaklar\u0131n oyuna sunulan yeni \u00f6nerge ile ba\u015fkan maa\u015f\u0131 60 bin TL olarak oy \u00e7oklu\u011fuyla belirlendi.<br \/>\n<br \/>Faaliyet ve b\u00fct\u00e7e raporlar\u0131 oy \u00e7oklu\u011fuyla kabul edilirken, y\u00f6netim kurulu, denetim kurulu ibra edildi ve oy \u00e7oklu\u011fuyla kabul edildi. 2025 ve 2026 y\u0131l\u0131nda genel kurullar birle\u015ferek 2027 y\u0131l\u0131nda yap\u0131lmas\u0131 ittifakla kabul edildi.<br \/>\n<br \/>Genel kurulda ilk olarak Ba\u015fkan Aday\u0131 Salih Karaa\u011fa\u00e7 konu\u015ftu. Karaa\u011fa\u00e7, de\u011fi\u015fimin vaktinin geldi\u011fini s\u00f6yledi. Karaa\u011fa\u00e7, &#8220;Ben de\u011fil biz mant\u0131\u011f\u0131yla hareket ediyoruz. Esnaf\u0131m\u0131za daha yak\u0131n olaca\u011f\u0131z. Yunusemre il\u00e7emizde sosyal tesislerde \u015fube a\u00e7aca\u011f\u0131z. Esnaf\u0131m\u0131z\u0131n \u00fczerindeki gereksiz masraflar\u0131 kald\u0131r\u0131yoruz. Manisa\u2019n\u0131n plasman sorunun \u00e7\u00f6zece\u011fiz. Son s\u00f6z\u00fc sand\u0131kta esnaf\u0131m\u0131z\u0131n s\u00f6ylemesini istiyoruz&#8221; dedi.<br \/>\n<br \/>Kooperatif Ba\u015fkan\u0131 ve Ba\u015fkan Aday\u0131 Destan Bulgay ise her zaman adil oldu\u011funu, kooperatife gelen hi\u00e7bir esnaf\u0131n siyasi kimli\u011fine bakmadan kredi verdiklerini s\u00f6yledi. Bulgay, atamayla de\u011fil oy birli\u011fiyle ba\u015fkan se\u00e7ildi\u011fini kaydetti. Bulgay, &#8220;De\u011fi\u015fim diye k\u00fcrs\u00fcye \u00e7\u0131k\u0131yorsunuz. Neyin de\u011fi\u015fimi bu. Hepimiz bu kooperatifte g\u00f6rev almad\u0131n\u0131z m\u0131? Kooperatifimizin k\u0131ymetini bilelim. Neyin plasman\u0131n\u0131 art\u0131racaks\u0131n\u0131z. T\u00fcrkiye\u2019nin en fazla plasman da\u011f\u0131tan kooperatiflerden 3. s\u0131raday\u0131z. Demokrasiden yanay\u0131z. Sand\u0131\u011f\u0131 kuruyoruz. Herkes istedi\u011fi oyu kullans\u0131n&#8221; diye konu\u015ftu.<br \/>\n<br \/>Konu\u015fmalar\u0131n ard\u0131ndan Divan Ba\u015fkan\u0131 Recep \u00c7\u0131nar, se\u00e7im i\u00e7in \u2019a\u00e7\u0131k oylama m\u0131 kapal\u0131 oylama m\u0131 olsun\u2019 diye sordu. Oy \u00e7oklu\u011fuyla kapal\u0131 oylama yap\u0131lmas\u0131na karar verildi. Zaman zaman tansiyonun y\u00fckseldi\u011fi ve laf at\u0131\u015fmalar\u0131n\u0131n ya\u015fand\u0131\u011f\u0131 kongrede se\u00e7ime girmeden \u00f6nce Destan Bulgay ve Salih Karaa\u011fa\u00e7 el ele birliktelik pozu verdi.<br \/><\/p>\n","protected":false},"excerpt":{"rendered":"<p>Manisa Esnaf ve Sanatkarlar Kredi ve Kefalet Kooperatifi\u2019nde (MESKOP) 74. Ola\u011fan Mali Se\u00e7imli Genel Kurulu Manisa Fuar Merkezi\u2019nde ger\u00e7ekle\u015ftirildi. Mevcut Ba\u015fkan Destan Bulgay ile Salih Karaa\u011fa\u00e7\u2019\u0131n yar\u0131\u015ft\u0131\u011f\u0131 genel kurul Manisa tarihinin en geni\u015f kat\u0131l\u0131ml\u0131 kongresi olarak tarihe ge\u00e7ti. Maa\u015f krizinin ya\u015fand\u0131\u011f\u0131 kongrede 120 bin TL olarak belirlenen ba\u015fkan maa\u015f\u0131 ortaklar\u0131n oy birli\u011fi ile 60 bin&#8230;<\/p>\n","protected":false},"author":1,"featured_media":17296,"comment_status":"open","ping_status":"open","sticky":false,"template":"","format":"standard","meta":{"_crdt_document":"","footnotes":""},"categories":[123],"tags":[],"class_list":["post-17295","post","type-post","status-publish","format-standard","has-post-thumbnail","hentry","category-gundem"],"_links":{"self":[{"href":"https:\/\/www.egemtv.com\/index.php?rest_route=\/wp\/v2\/posts\/17295","targetHints":{"allow":["GET"]}}],"collection":[{"href":"https:\/\/www.egemtv.com\/index.php?rest_route=\/wp\/v2\/posts"}],"about":[{"href":"https:\/\/www.egemtv.com\/index.php?rest_route=\/wp\/v2\/types\/post"}],"author":[{"embeddable":true,"href":"https:\/\/www.egemtv.com\/index.php?rest_route=\/wp\/v2\/users\/1"}],"replies":[{"embeddable":true,"href":"https:\/\/www.egemtv.com\/index.php?rest_route=%2Fwp%2Fv2%2Fcomments&post=17295"}],"version-history":[{"count":1,"href":"https:\/\/www.egemtv.com\/index.php?rest_route=\/wp\/v2\/posts\/17295\/revisions"}],"predecessor-version":[{"id":17297,"href":"https:\/\/www.egemtv.com\/index.php?rest_route=\/wp\/v2\/posts\/17295\/revisions\/17297"}],"wp:featuredmedia":[{"embeddable":true,"href":"https:\/\/www.egemtv.com\/index.php?rest_route=\/wp\/v2\/media\/17296"}],"wp:attachment":[{"href":"https:\/\/www.egemtv.com\/index.php?rest_route=%2Fwp%2Fv2%2Fmedia&parent=17295"}],"wp:term":[{"taxonomy":"category","embeddable":true,"href":"https:\/\/www.egemtv.com\/index.php?rest_route=%2Fwp%2Fv2%2Fcategories&post=17295"},{"taxonomy":"post_tag","embeddable":true,"href":"https:\/\/www.egemtv.com\/index.php?rest_route=%2Fwp%2Fv2%2Ftags&post=17295"}],"curies":[{"name":"wp","href":"https:\/\/api.w.org\/{rel}","templated":true}]}}