{"id":17292,"date":"2025-02-09T14:11:18","date_gmt":"2025-02-09T11:11:18","guid":{"rendered":"https:\/\/www.egemtv.com\/?p=17292"},"modified":"2025-02-09T14:11:24","modified_gmt":"2025-02-09T11:11:24","slug":"yoruk-toyu-ve-senligine-davul-zurnali-davet","status":"publish","type":"post","link":"https:\/\/www.egemtv.com\/?p=17292","title":{"rendered":"Y\u00f6r\u00fck Toyu ve \u015eenli\u011fi\u2019ne davul zurnal\u0131 davet"},"content":{"rendered":"<p>Ayd\u0131n\u2019\u0131n Efeler il\u00e7esine ba\u011fl\u0131 K\u0131z\u0131lcak\u00f6y Mahallesi\u2019nde \u2018Y\u00f6r\u00fck toyu ve \u015fenli\u011fi\u2019 ger\u00e7ekle\u015ftirilecek. K\u0131z\u0131lcak\u00f6y Efeler ve Y\u00f6r\u00fckler Derne\u011fi Ba\u015fkan\u0131 Veysel Erdemli, y\u00f6netimi ve di\u011fer dernek \u00fcyeleriyle birlikte mahallede davul zurna e\u015fli\u011finde davetiye da\u011f\u0131t\u0131p b\u00fct\u00fcn vatanda\u015flar\u0131 \u015fenli\u011fe davet etti.<\/p>\n<p>K\u0131z\u0131lcak\u00f6y Efeler ve Y\u00f6r\u00fckler Derne\u011fi, 16 \u015eubat Pazar g\u00fcn\u00fc \u2018Y\u00f6r\u00fck toyu ve \u015fenli\u011fi\u2019 d\u00fczenleyecek. K\u0131z\u0131lcak\u00f6y Efeler ve Y\u00f6r\u00fckler Derne\u011fi Ba\u015fkan\u0131 Veysel Erdemli, y\u00f6netimi ve Ortaklar Y\u00f6r\u00fck Efeler K\u00fclt\u00fcr Yard\u0131mla\u015fma ve Dayan\u0131\u015fma Derne\u011fi Ba\u015fkan\u0131 Esma Do\u011fan ile K\u0131z\u0131lcak\u00f6y\u2019de davul zurna e\u015fli\u011finde esnaflara ve vatanda\u015flara davetiye da\u011f\u0131tt\u0131. Ba\u015fkan Erdemli, b\u00fct\u00fcn vatanda\u015flar\u0131 \u015fenli\u011fe davet etti. Pazara gelen vatanda\u015flar, davul zurnal\u0131 daveti g\u00f6r\u00fcnce cep telefonlar\u0131yla g\u00f6r\u00fcnt\u00fc \u00e7ekti.  Dernek \u00fcyeleri k\u00f6y meydan\u0131nda zeybek oynad\u0131.<\/p>\n<p>Saat 11.00\u2019de ba\u015flayacak olan \u015fenli\u011fin sunuculu\u011funu \u015eehriban Tek\u00e7e ger\u00e7ekle\u015ftirecek. Sanat\u00e7\u0131lardan Adem G\u00f6rg\u00fcl\u00fc, Ay\u015fe Kara\u00e7am, Hur\u015fit T\u00fcrkay, Osman Kural, Sema Yamac\u0131 ve Bedri Sar\u0131kaya t\u00fcrk\u00fclerini seslendirecek. Miras Y\u00f6r\u00fck Obalar\u0131 Efeleri, Yenipazar Efeleri, a\u015f\u0131k ve S\u00f6keli K\u00fc\u00e7\u00fck Efe \u015fenlikte g\u00f6steriler yaparak toya renk katacak. G\u00fcn boyu s\u00fcrecek olan \u015fenlikte, Y\u00f6r\u00fck k\u00fclt\u00fcr\u00fc vatanda\u015flara tan\u0131t\u0131lacak.<\/p>\n<p>K\u0131z\u0131lcak\u00f6y Efeler ve Y\u00f6r\u00fckler Derne\u011fi Ba\u015fkan\u0131 Veysel Erdemli; &#8220;16 \u015eubat\u2019ta K\u0131z\u0131lcak\u00f6y\u2019de toyumuz ve \u015fenli\u011fimiz olacak. Geleneksel b\u00fct\u00fcn adetlerimizi sergileyece\u011fiz. Saat 11.00\u2019de ba\u015flayacak ve saat 17.00\u2019de sona erecektir. Bug\u00fcn de mahalledeki esnaflara ve vatanda\u015flara davul zurna e\u015fli\u011finde davetiye da\u011f\u0131tt\u0131k. Haftaya Pazar g\u00fcn\u00fc yapaca\u011f\u0131m\u0131z toyumuza b\u00fct\u00fcn vatanda\u015flar\u0131m\u0131z\u0131 bekliyoruz&#8221; dedi.<br \/><\/p>\n","protected":false},"excerpt":{"rendered":"<p>Ayd\u0131n\u2019\u0131n Efeler il\u00e7esine ba\u011fl\u0131 K\u0131z\u0131lcak\u00f6y Mahallesi\u2019nde \u2018Y\u00f6r\u00fck toyu ve \u015fenli\u011fi\u2019 ger\u00e7ekle\u015ftirilecek. K\u0131z\u0131lcak\u00f6y Efeler ve Y\u00f6r\u00fckler Derne\u011fi Ba\u015fkan\u0131 Veysel Erdemli, y\u00f6netimi ve di\u011fer dernek \u00fcyeleriyle birlikte mahallede davul zurna e\u015fli\u011finde davetiye da\u011f\u0131t\u0131p b\u00fct\u00fcn vatanda\u015flar\u0131 \u015fenli\u011fe davet etti. K\u0131z\u0131lcak\u00f6y Efeler ve Y\u00f6r\u00fckler Derne\u011fi, 16 \u015eubat Pazar g\u00fcn\u00fc \u2018Y\u00f6r\u00fck toyu ve \u015fenli\u011fi\u2019 d\u00fczenleyecek. K\u0131z\u0131lcak\u00f6y Efeler ve Y\u00f6r\u00fckler Derne\u011fi&#8230;<\/p>\n","protected":false},"author":1,"featured_media":17293,"comment_status":"open","ping_status":"open","sticky":false,"template":"","format":"standard","meta":{"_crdt_document":"","footnotes":""},"categories":[1],"tags":[],"class_list":["post-17292","post","type-post","status-publish","format-standard","has-post-thumbnail","hentry","category-guncel"],"_links":{"self":[{"href":"https:\/\/www.egemtv.com\/index.php?rest_route=\/wp\/v2\/posts\/17292","targetHints":{"allow":["GET"]}}],"collection":[{"href":"https:\/\/www.egemtv.com\/index.php?rest_route=\/wp\/v2\/posts"}],"about":[{"href":"https:\/\/www.egemtv.com\/index.php?rest_route=\/wp\/v2\/types\/post"}],"author":[{"embeddable":true,"href":"https:\/\/www.egemtv.com\/index.php?rest_route=\/wp\/v2\/users\/1"}],"replies":[{"embeddable":true,"href":"https:\/\/www.egemtv.com\/index.php?rest_route=%2Fwp%2Fv2%2Fcomments&post=17292"}],"version-history":[{"count":1,"href":"https:\/\/www.egemtv.com\/index.php?rest_route=\/wp\/v2\/posts\/17292\/revisions"}],"predecessor-version":[{"id":17294,"href":"https:\/\/www.egemtv.com\/index.php?rest_route=\/wp\/v2\/posts\/17292\/revisions\/17294"}],"wp:featuredmedia":[{"embeddable":true,"href":"https:\/\/www.egemtv.com\/index.php?rest_route=\/wp\/v2\/media\/17293"}],"wp:attachment":[{"href":"https:\/\/www.egemtv.com\/index.php?rest_route=%2Fwp%2Fv2%2Fmedia&parent=17292"}],"wp:term":[{"taxonomy":"category","embeddable":true,"href":"https:\/\/www.egemtv.com\/index.php?rest_route=%2Fwp%2Fv2%2Fcategories&post=17292"},{"taxonomy":"post_tag","embeddable":true,"href":"https:\/\/www.egemtv.com\/index.php?rest_route=%2Fwp%2Fv2%2Ftags&post=17292"}],"curies":[{"name":"wp","href":"https:\/\/api.w.org\/{rel}","templated":true}]}}