{"id":17286,"date":"2025-02-09T13:51:58","date_gmt":"2025-02-09T10:51:58","guid":{"rendered":"https:\/\/www.egemtv.com\/?p=17286"},"modified":"2025-02-09T13:52:03","modified_gmt":"2025-02-09T10:52:03","slug":"germencikli-cocuklar-muzikli-tiyatro-ile-eglendi","status":"publish","type":"post","link":"https:\/\/www.egemtv.com\/?p=17286","title":{"rendered":"Germencikli \u00e7ocuklar, m\u00fczikli tiyatro ile e\u011flendi"},"content":{"rendered":"<p>Germencik Belediyesi koordinesinde sahnelenen \u2019Pamuk Prenses Masal Orman\u0131nda\u2019 adl\u0131 m\u00fczikli \u00e7ocuk tiyatrosuyla, Germencikli \u00e7ocuklar unutulmaz bir ak\u015fam ge\u00e7irirken, Germencik Belediye Ba\u015fkan\u0131 Burak Zencirci; &#8220;\u00c7ocuklar\u0131m\u0131z\u0131n mutlulu\u011fu her \u015feye de\u011fer&#8221; dedi.<br \/>\n<br \/>Germencik il\u00e7esinde \u00e7ocuklar\u0131n k\u00fclt\u00fcrel faaliyetler ile daha s\u0131k bulu\u015fmas\u0131 ve sosyalle\u015fmesi i\u00e7in \u00e7al\u0131\u015fmalar\u0131na devam eden Germencik Belediyesi, son olarak \u2019Pamuk Prenses Masal Orman\u0131nda\u2019 m\u00fczikli tiyatro oyununa ev sahipli\u011fi yapt\u0131. Sermin Atik Ar\u0131kan\u2019\u0131n yaz\u0131p y\u00f6netti\u011fi tiyatro oyununda bir araya gelen y\u00fczlerce \u00e7ocuk, unutulmaz bir ak\u015fam ge\u00e7irdi. \u00c7ocuklar\u0131n mutlulu\u011funun her \u015feye de\u011fdi\u011fine dikkat \u00e7eken Germencik Belediye Ba\u015fkan\u0131 Burak Zencirci ise &#8220;Y\u00fczlerce \u00e7ocu\u011fumuzu Sermin Atik Ar\u0131kan\u2019\u0131n yaz\u0131p y\u00f6netti\u011fi Pamuk Prenses Masal Orman\u0131nda adl\u0131 m\u00fczikli \u00e7ocuk tiyatrosuyla bulu\u015fturduk. Yenilenen ve tam donan\u0131ml\u0131 bir tiyatro salonu olan konferans salonumuz en \u00e7ok \u00e7ocuklar\u0131m\u0131za yarayacak gibi. \u00c7ocuklar\u0131m\u0131z\u0131n mutlulu\u011fu her \u015feye de\u011fer&#8221; dedi.<br \/><\/p>\n","protected":false},"excerpt":{"rendered":"<p>Germencik Belediyesi koordinesinde sahnelenen \u2019Pamuk Prenses Masal Orman\u0131nda\u2019 adl\u0131 m\u00fczikli \u00e7ocuk tiyatrosuyla, Germencikli \u00e7ocuklar unutulmaz bir ak\u015fam ge\u00e7irirken, Germencik Belediye Ba\u015fkan\u0131 Burak Zencirci; &#8220;\u00c7ocuklar\u0131m\u0131z\u0131n mutlulu\u011fu her \u015feye de\u011fer&#8221; dedi. Germencik il\u00e7esinde \u00e7ocuklar\u0131n k\u00fclt\u00fcrel faaliyetler ile daha s\u0131k bulu\u015fmas\u0131 ve sosyalle\u015fmesi i\u00e7in \u00e7al\u0131\u015fmalar\u0131na devam eden Germencik Belediyesi, son olarak \u2019Pamuk Prenses Masal Orman\u0131nda\u2019 m\u00fczikli tiyatro oyununa&#8230;<\/p>\n","protected":false},"author":1,"featured_media":17287,"comment_status":"open","ping_status":"open","sticky":false,"template":"","format":"standard","meta":{"_crdt_document":"","footnotes":""},"categories":[1],"tags":[],"class_list":["post-17286","post","type-post","status-publish","format-standard","has-post-thumbnail","hentry","category-guncel"],"_links":{"self":[{"href":"https:\/\/www.egemtv.com\/index.php?rest_route=\/wp\/v2\/posts\/17286","targetHints":{"allow":["GET"]}}],"collection":[{"href":"https:\/\/www.egemtv.com\/index.php?rest_route=\/wp\/v2\/posts"}],"about":[{"href":"https:\/\/www.egemtv.com\/index.php?rest_route=\/wp\/v2\/types\/post"}],"author":[{"embeddable":true,"href":"https:\/\/www.egemtv.com\/index.php?rest_route=\/wp\/v2\/users\/1"}],"replies":[{"embeddable":true,"href":"https:\/\/www.egemtv.com\/index.php?rest_route=%2Fwp%2Fv2%2Fcomments&post=17286"}],"version-history":[{"count":1,"href":"https:\/\/www.egemtv.com\/index.php?rest_route=\/wp\/v2\/posts\/17286\/revisions"}],"predecessor-version":[{"id":17288,"href":"https:\/\/www.egemtv.com\/index.php?rest_route=\/wp\/v2\/posts\/17286\/revisions\/17288"}],"wp:featuredmedia":[{"embeddable":true,"href":"https:\/\/www.egemtv.com\/index.php?rest_route=\/wp\/v2\/media\/17287"}],"wp:attachment":[{"href":"https:\/\/www.egemtv.com\/index.php?rest_route=%2Fwp%2Fv2%2Fmedia&parent=17286"}],"wp:term":[{"taxonomy":"category","embeddable":true,"href":"https:\/\/www.egemtv.com\/index.php?rest_route=%2Fwp%2Fv2%2Fcategories&post=17286"},{"taxonomy":"post_tag","embeddable":true,"href":"https:\/\/www.egemtv.com\/index.php?rest_route=%2Fwp%2Fv2%2Ftags&post=17286"}],"curies":[{"name":"wp","href":"https:\/\/api.w.org\/{rel}","templated":true}]}}