{"id":17283,"date":"2025-02-09T13:29:33","date_gmt":"2025-02-09T10:29:33","guid":{"rendered":"https:\/\/www.egemtv.com\/?p=17283"},"modified":"2025-02-09T13:29:38","modified_gmt":"2025-02-09T10:29:38","slug":"bir-kulturel-mirasi-korumak-icin-omur-adadi-unutulmaya-yuz-tutmus-curayi-gelecege-tasidi","status":"publish","type":"post","link":"https:\/\/www.egemtv.com\/?p=17283","title":{"rendered":"Bir k\u00fclt\u00fcrel miras\u0131 korumak i\u00e7in \u00f6m\u00fcr adad\u0131: Unutulmaya y\u00fcz tutmu\u015f curay\u0131 gelece\u011fe ta\u015f\u0131d\u0131"},"content":{"rendered":"<p>Burdur\u2019un G\u00f6lhisar il\u00e7esinde ya\u015fayan 71 ya\u015f\u0131ndaki emekli \u00f6\u011fretmen Necati Arslan, Y\u00f6r\u00fck k\u00fclt\u00fcr\u00fcne ait cura \u00e7alg\u0131s\u0131n\u0131 hem yap\u0131yor hem de kendi besteleriyle \u00e7alarak gelecek nesillere aktar\u0131yor. \u00c7ocuklu\u011fundan itibaren m\u00fczi\u011fe ilgi duyan Arslan, y\u0131llar i\u00e7inde cura yap\u0131m\u0131na y\u00f6neldi ve \u2019Ekizce\u2019 ad\u0131n\u0131 verdi\u011fi \u00f6zel bir model geli\u015ftirdi. K\u00fclt\u00fcrel miras\u0131 ya\u015fatmay\u0131 ama\u00e7layan \u00f6\u011fretmen, tezenesiz \u00e7alma tekni\u011fiyle de dikkat \u00e7ekiyor.<br \/>\n<br \/>Burdur\u2019un G\u00f6lhisar il\u00e7esinde ya\u015fam\u0131n\u0131 s\u00fcrd\u00fcren 71 ya\u015f\u0131ndaki cura ustas\u0131 Necati Arslan, y\u0131llard\u0131r y\u00f6resel m\u00fczi\u011fin unutulmamas\u0131 i\u00e7in emek veriyor. \u00c7ocuklu\u011fundan itibaren Teke Y\u00f6resi\u2019nin ezgileriyle b\u00fcy\u00fcd\u00fc\u011f\u00fcn\u00fc belirten Arslan, m\u00fczi\u011fe olan ilgisinin ortaokul y\u0131llar\u0131nda ba\u015flad\u0131\u011f\u0131n\u0131 s\u00f6yledi. 1970 y\u0131l\u0131nda bir ba\u011flama edinen Arslan, cura sesini daha iyi yans\u0131tmak i\u00e7in 1973\u2019te \u00f6zel olarak el yap\u0131m\u0131 bir cura yapt\u0131rd\u0131. Zaman i\u00e7inde enstr\u00fcman yap\u0131m\u0131na da ilgi duyan Arslan, 1980\u2019li y\u0131llarda ba\u011flama oymaya ba\u015flad\u0131. Ancak ba\u011flamalar\u0131n pahal\u0131 olmas\u0131 nedeniyle sat\u0131\u015f yapamad\u0131\u011f\u0131n\u0131 belirten Arslan, bu nedenle cura yap\u0131m\u0131na y\u00f6neldi\u011fini ifade etti.<\/p>\n<p>Kendisine has yeni model geli\u015ftirdi<br \/>\n<br \/>Cura yap\u0131m\u0131nda dut, i\u011fde ve ard\u0131\u00e7 a\u011fa\u00e7lar\u0131n\u0131 kulland\u0131\u011f\u0131n\u0131 belirten Arslan, \u00f6zellikle ard\u0131c\u0131n Y\u00f6r\u00fck k\u00fclt\u00fcr\u00fcnde \u00f6nemli bir yere sahip oldu\u011funu vurgulad\u0131. Ustalar\u0131ndan \u00f6\u011frendi\u011fi y\u00f6ntemlerle cura \u00e7almaya devam etti\u011fini ve bir\u00e7ok \u015fenlik ile sahne etkinli\u011fine kat\u0131ld\u0131\u011f\u0131n\u0131 dile getiren Arslan, curan\u0131n akord ve ton sorunlar\u0131n\u0131 a\u015fmak amac\u0131yla &#8220;Ekizce&#8221; ad\u0131n\u0131 verdi\u011fi \u00f6zel bir model geli\u015ftirdi\u011fini s\u00f6yledi. Bu modelde iki telli ve \u00fc\u00e7 telli curay\u0131 birle\u015ftirerek ayn\u0131 anda \u00e7alma imk\u00e2n\u0131 sa\u011flad\u0131\u011f\u0131n\u0131 ifade etti.<\/p>\n<p>Y\u00f6r\u00fck k\u00fclt\u00fcr\u00fcn\u00fc hayatta tutmaya \u00e7al\u0131\u015f\u0131yor<br \/>\n<br \/>K\u00fclt\u00fcr ve Turizm Bakanl\u0131\u011f\u0131\u2019ndan da belgeleri bulunan Arslan, curay\u0131 tezenesiz \u00e7alma tekni\u011fini de benimsedi\u011fini belirtti. Y\u00f6r\u00fck k\u00fclt\u00fcr\u00fcn\u00fcn unutulmamas\u0131 i\u00e7in \u00e7abalar\u0131n\u0131 s\u00fcrd\u00fcren Arslan, bir k\u00f6yl\u00fcs\u00fcn\u00fcn ya\u015fad\u0131\u011f\u0131 olay \u00fczerine yak\u0131lan bir a\u011f\u0131d\u0131n hik\u00e2yesini anlatarak kendi besteleriyle birlikte cura e\u015fli\u011finde s\u00f6yledi.<\/p>\n<p>Tek hedefi gen\u00e7 nesillere aktarmak<br \/>\n<br \/>Emekli \u00f6\u011fretmen Necati Arslan, geleneksel \u00e7alg\u0131lar\u0131 ve k\u00fclt\u00fcrel de\u011ferleri ya\u015fatarak gen\u00e7 nesillere aktarmay\u0131 hedefledi\u011fini dile getirdi.<br \/><\/p>\n","protected":false},"excerpt":{"rendered":"<p>Burdur\u2019un G\u00f6lhisar il\u00e7esinde ya\u015fayan 71 ya\u015f\u0131ndaki emekli \u00f6\u011fretmen Necati Arslan, Y\u00f6r\u00fck k\u00fclt\u00fcr\u00fcne ait cura \u00e7alg\u0131s\u0131n\u0131 hem yap\u0131yor hem de kendi besteleriyle \u00e7alarak gelecek nesillere aktar\u0131yor. \u00c7ocuklu\u011fundan itibaren m\u00fczi\u011fe ilgi duyan Arslan, y\u0131llar i\u00e7inde cura yap\u0131m\u0131na y\u00f6neldi ve \u2019Ekizce\u2019 ad\u0131n\u0131 verdi\u011fi \u00f6zel bir model geli\u015ftirdi. K\u00fclt\u00fcrel miras\u0131 ya\u015fatmay\u0131 ama\u00e7layan \u00f6\u011fretmen, tezenesiz \u00e7alma tekni\u011fiyle de dikkat \u00e7ekiyor&#8230;.<\/p>\n","protected":false},"author":1,"featured_media":17284,"comment_status":"open","ping_status":"open","sticky":false,"template":"","format":"standard","meta":{"_crdt_document":"","footnotes":""},"categories":[1],"tags":[],"class_list":["post-17283","post","type-post","status-publish","format-standard","has-post-thumbnail","hentry","category-guncel"],"_links":{"self":[{"href":"https:\/\/www.egemtv.com\/index.php?rest_route=\/wp\/v2\/posts\/17283","targetHints":{"allow":["GET"]}}],"collection":[{"href":"https:\/\/www.egemtv.com\/index.php?rest_route=\/wp\/v2\/posts"}],"about":[{"href":"https:\/\/www.egemtv.com\/index.php?rest_route=\/wp\/v2\/types\/post"}],"author":[{"embeddable":true,"href":"https:\/\/www.egemtv.com\/index.php?rest_route=\/wp\/v2\/users\/1"}],"replies":[{"embeddable":true,"href":"https:\/\/www.egemtv.com\/index.php?rest_route=%2Fwp%2Fv2%2Fcomments&post=17283"}],"version-history":[{"count":1,"href":"https:\/\/www.egemtv.com\/index.php?rest_route=\/wp\/v2\/posts\/17283\/revisions"}],"predecessor-version":[{"id":17285,"href":"https:\/\/www.egemtv.com\/index.php?rest_route=\/wp\/v2\/posts\/17283\/revisions\/17285"}],"wp:featuredmedia":[{"embeddable":true,"href":"https:\/\/www.egemtv.com\/index.php?rest_route=\/wp\/v2\/media\/17284"}],"wp:attachment":[{"href":"https:\/\/www.egemtv.com\/index.php?rest_route=%2Fwp%2Fv2%2Fmedia&parent=17283"}],"wp:term":[{"taxonomy":"category","embeddable":true,"href":"https:\/\/www.egemtv.com\/index.php?rest_route=%2Fwp%2Fv2%2Fcategories&post=17283"},{"taxonomy":"post_tag","embeddable":true,"href":"https:\/\/www.egemtv.com\/index.php?rest_route=%2Fwp%2Fv2%2Ftags&post=17283"}],"curies":[{"name":"wp","href":"https:\/\/api.w.org\/{rel}","templated":true}]}}