{"id":17280,"date":"2025-02-09T13:16:50","date_gmt":"2025-02-09T10:16:50","guid":{"rendered":"https:\/\/www.egemtv.com\/?p=17280"},"modified":"2025-02-09T13:16:56","modified_gmt":"2025-02-09T10:16:56","slug":"tavas-mahalleler-liginde-sampiyon-belli-oldu","status":"publish","type":"post","link":"https:\/\/www.egemtv.com\/?p=17280","title":{"rendered":"Tavas Mahalleler Ligi\u2019nde \u015fampiyon belli oldu"},"content":{"rendered":"<p>Denizli\u2019de d\u00fczenlenen Tavas Futsal Mahalleler Liginde k\u0131ran k\u0131rana ge\u00e7en final m\u00fcsabakas\u0131n\u0131n ard\u0131ndan \u015fampiyon belli oldu. Final m\u00fcsabakas\u0131nda kar\u015f\u0131ya kar\u015f\u0131ya gelen Yeni Mahalle, Tekke Mahallesini 5-3 yenerek \u015fampiyon oldu. Final m\u00fcsabakas\u0131ndan \u00f6nce Tavas Belediye Ba\u015fkan\u0131 Kadir Tat\u0131k\u2019\u0131n da bulundu\u011fu belediye personellerinden kurulu tak\u0131m, mahalle muhtarlar\u0131na kar\u015f\u0131 g\u00f6steri ma\u00e7\u0131 d\u00fczenlendi. Final ma\u00e7\u0131ndan sonra \u015fampiyon tak\u0131ma ve dereceye giren tak\u0131mlara \u00f6d\u00fcl takdimi d\u00fczenlendi.<br \/>\n<br \/>Denizli\u2019nin Tavas Belediyesi\u2019nin d\u00fczenledi\u011fi Mahalleler Ligi Futsal heyecan\u0131nda final m\u00fcsabakas\u0131 oynand\u0131. Final m\u00fcsabakas\u0131nda Yeni Mahalle ve Tekke Mahallesi kar\u015f\u0131 kar\u015f\u0131ya geldi. K\u0131ran k\u0131rana ge\u00e7en ma\u00e7ta Yeni Mahalle, Tekke Mahallesi\u2019ni 5-3 yenerek \u015fampiyon oldu. Her ya\u015ftan futbolseverin yo\u011fun ilgi g\u00f6sterdi\u011fi organizasyon, gem sporculara hem de izleyicilere unutulmaz anlar ya\u015fatt\u0131.<br \/>\n<br \/>Final m\u00fcsabakas\u0131ndan \u00f6nce Tavas Belediye Ba\u015fkan\u0131 Kadir Tat\u0131k\u2019\u0131n bulundu\u011fu meclis \u00fcyeleri ve belediye personelleri ile kurulan tak\u0131m, mahalle muhtarlar\u0131 taraf\u0131ndan kurulan tak\u0131m ile g\u00f6steri ma\u00e7\u0131 d\u00fczenlendi. Ma\u00e7\u0131n sonunda mahalle muhtarlar\u0131 kazan\u0131rken ma\u00e7 seyirciler taraf\u0131ndan be\u011feni toplad\u0131. Turnuvan\u0131n finali, Tavas Belediye Ba\u015fkan\u0131 Kadir Tat\u0131k, Tavas Kaymakam\u0131 \u0130smail Demir, Tavas \u0130l\u00e7e Jandarma Komutan\u0131 Jandarma \u00dcste\u011fmen Fatih Sa\u011flam, Tavas \u0130l\u00e7e Emniyet M\u00fcd\u00fcr\u00fc Ayhan Atabek, meclis \u00fcyeleri, belediye personelleri ve vatanda\u015flar\u0131n yo\u011fun kat\u0131l\u0131m\u0131 ile ger\u00e7ekle\u015ftirildi.<\/p>\n<p>&#8220;Gen\u00e7lerimiz k\u00f6t\u00fc al\u0131\u015fkanl\u0131klardan kurtulsunlar, spor ile u\u011fra\u015fs\u0131nlar&#8221;<br \/>\n<br \/>Ma\u00e7 \u00f6ncesi a\u00e7\u0131klamalarda bulunan Tavas Belediye Ba\u015fkan\u0131 Kadir Tat\u0131k, gen\u00e7lerin k\u00f6t\u00fc al\u0131\u015fkanl\u0131klardan kurtulmalar\u0131 gerekti\u011fini onun yerine spor ile u\u011fra\u015fmalar\u0131 konusunda dikkat \u00e7ekti. Ayn\u0131 zamanda Tavas Belediyesi taraf\u0131ndan d\u00fczenlenen organizasyonda g\u00fczel bir atmosferin oldu\u011funu ve siyasetin olmad\u0131\u011f\u0131 bir Tavas ger\u00e7ekle\u015ftirmek i\u00e7in \u00e7al\u0131\u015fmalar\u0131n devam etti\u011fini dile getiren Ba\u015fkan Tat\u0131k, &#8220;Spora her anlamda destek veriyoruz. Kendimde sahalara \u00e7\u0131kt\u0131m bu ya\u015fta top oynayaca\u011f\u0131m sakatlanmay\u0131z in\u015fallah. Gen\u00e7lerimiz k\u00f6t\u00fc al\u0131\u015fkanl\u0131klardan kurtulsunlar, spor ile u\u011fra\u015fs\u0131nlar. Alkol, sigara ve uyu\u015fturucu gibi k\u00f6t\u00fc al\u0131\u015fkanl\u0131klardan uzakta dursunlar hep bir arada sporun karde\u015fli\u011fi ile birlikte olsunlar. Tek dile\u011fimiz bu. Bunun i\u00e7in de bu organizasyonu d\u00fczenledik. Gen\u00e7lik ve Spor M\u00fcd\u00fcrl\u00fc\u011f\u00fcm\u00fcz ile beraber tamamen bizim b\u00fct\u00e7emiz ile d\u00fczenliyoruz. B\u00fct\u00fcn organizasyonun b\u00fct\u00e7esi Tavas Belediyesi taraf\u0131ndan kar\u015f\u0131land\u0131. G\u00fczel bir organizasyon oldu in\u015fallah sonu da g\u00fczel biter diliyorum. Biz g\u00fczel bir ekibiz. G\u00fczel bir il\u00e7eyiz. Bizim burada siyaset yok. Karde\u015f\u00e7e ya\u015f\u0131yoruz. Siyasetin olmad\u0131\u011f\u0131 bir Tavas hayal ediyorduk. \u0130n\u015fallah onu ger\u00e7ekle\u015ftiriyoruz. B\u00fct\u00fcn halk\u0131m\u0131z burada ve bu t\u00fcr organizasyonlar\u0131 in\u015fallah devam ettirece\u011fiz&#8221; dedi.<br \/>\n<br \/>Final ma\u00e7\u0131n\u0131n ard\u0131ndan Tavas \u0130l\u00e7e Jandarma Komutan\u0131 Jandarma \u00dcste\u011fmen Fatih Sa\u011flam, Tavas \u0130l\u00e7e Emniyet M\u00fcd\u00fcr\u00fc Ayhan Atabek, Tavas Belediye Ba\u015fkan\u0131 Kadir Tat\u0131k ve Tavas Kaymakam\u0131 \u0130smail Demir, turnuvada dereceye giren tak\u0131mlara \u00f6d\u00fcllerini takdim etti. Takdim ettikten sonra a\u00e7\u0131klamalarda bulunan Tavas Belediye Ba\u015fkan\u0131 Kadir Tat\u0131k ve Tavas Kaymakam\u0131 \u0130smail Demir, &#8220;6 \u015eubat depreminde hayat\u0131n\u0131 kaybeden vatanda\u015flar\u0131m\u0131z\u0131 ba\u015fsa\u011fl\u0131\u011f\u0131 diliyoruz. Bu t\u00fcr organizasyonlar\u0131n devam\u0131 in\u015fallah gelecek. Sporun her zaman yan\u0131nday\u0131z&#8221; diye konu\u015ftu.<br \/><\/p>\n","protected":false},"excerpt":{"rendered":"<p>Denizli\u2019de d\u00fczenlenen Tavas Futsal Mahalleler Liginde k\u0131ran k\u0131rana ge\u00e7en final m\u00fcsabakas\u0131n\u0131n ard\u0131ndan \u015fampiyon belli oldu. Final m\u00fcsabakas\u0131nda kar\u015f\u0131ya kar\u015f\u0131ya gelen Yeni Mahalle, Tekke Mahallesini 5-3 yenerek \u015fampiyon oldu. Final m\u00fcsabakas\u0131ndan \u00f6nce Tavas Belediye Ba\u015fkan\u0131 Kadir Tat\u0131k\u2019\u0131n da bulundu\u011fu belediye personellerinden kurulu tak\u0131m, mahalle muhtarlar\u0131na kar\u015f\u0131 g\u00f6steri ma\u00e7\u0131 d\u00fczenlendi. Final ma\u00e7\u0131ndan sonra \u015fampiyon tak\u0131ma ve dereceye&#8230;<\/p>\n","protected":false},"author":1,"featured_media":17281,"comment_status":"open","ping_status":"open","sticky":false,"template":"","format":"standard","meta":{"_crdt_document":"","footnotes":""},"categories":[4],"tags":[],"class_list":["post-17280","post","type-post","status-publish","format-standard","has-post-thumbnail","hentry","category-spor"],"_links":{"self":[{"href":"https:\/\/www.egemtv.com\/index.php?rest_route=\/wp\/v2\/posts\/17280","targetHints":{"allow":["GET"]}}],"collection":[{"href":"https:\/\/www.egemtv.com\/index.php?rest_route=\/wp\/v2\/posts"}],"about":[{"href":"https:\/\/www.egemtv.com\/index.php?rest_route=\/wp\/v2\/types\/post"}],"author":[{"embeddable":true,"href":"https:\/\/www.egemtv.com\/index.php?rest_route=\/wp\/v2\/users\/1"}],"replies":[{"embeddable":true,"href":"https:\/\/www.egemtv.com\/index.php?rest_route=%2Fwp%2Fv2%2Fcomments&post=17280"}],"version-history":[{"count":1,"href":"https:\/\/www.egemtv.com\/index.php?rest_route=\/wp\/v2\/posts\/17280\/revisions"}],"predecessor-version":[{"id":17282,"href":"https:\/\/www.egemtv.com\/index.php?rest_route=\/wp\/v2\/posts\/17280\/revisions\/17282"}],"wp:featuredmedia":[{"embeddable":true,"href":"https:\/\/www.egemtv.com\/index.php?rest_route=\/wp\/v2\/media\/17281"}],"wp:attachment":[{"href":"https:\/\/www.egemtv.com\/index.php?rest_route=%2Fwp%2Fv2%2Fmedia&parent=17280"}],"wp:term":[{"taxonomy":"category","embeddable":true,"href":"https:\/\/www.egemtv.com\/index.php?rest_route=%2Fwp%2Fv2%2Fcategories&post=17280"},{"taxonomy":"post_tag","embeddable":true,"href":"https:\/\/www.egemtv.com\/index.php?rest_route=%2Fwp%2Fv2%2Ftags&post=17280"}],"curies":[{"name":"wp","href":"https:\/\/api.w.org\/{rel}","templated":true}]}}