{"id":17262,"date":"2025-02-09T12:34:44","date_gmt":"2025-02-09T09:34:44","guid":{"rendered":"https:\/\/www.egemtv.com\/?p=17262"},"modified":"2025-02-09T12:34:49","modified_gmt":"2025-02-09T09:34:49","slug":"otomobil-ile-motosiklet-carpisti-1-yarali-2","status":"publish","type":"post","link":"https:\/\/www.egemtv.com\/?p=17262","title":{"rendered":"Otomobil ile motosiklet \u00e7arp\u0131\u015ft\u0131: 1 yaral\u0131"},"content":{"rendered":"<p>Ayd\u0131n\u2019\u0131n Efeler il\u00e7esinde otomobil ile motosikletin \u00e7arp\u0131\u015fmas\u0131 sonucu meydana gelen kazada, motosiklet s\u00fcr\u00fcc\u00fcs\u00fc yaraland\u0131.<\/p>\n<p>Kaza, Efeler il\u00e7esi Bat\u0131 Gazi Bulvar\u0131 \u00fczerinde meydana geldi. Edinilen bilgiye g\u00f6re K\u0131z\u0131lay Caddesi\u2019nden bulvara \u00e7\u0131kmak i\u00e7in d\u00f6n\u00fc\u015f yapan otomobil ile o esnada Bat\u0131 Gazi Bulvar\u0131 \u00fczerinde seyir halinde motosiklet \u00e7arp\u0131\u015ft\u0131. \u00c7arpman\u0131n etkisiyle motosiklet ve s\u00fcr\u00fcc\u00fcs\u00fc yola savruldu. Kazay\u0131 g\u00f6renler durumu 112 Acil \u00c7a\u011fr\u0131 Merkezi\u2019ne bildirirken, motosiklet s\u00fcr\u00fcc\u00fcs\u00fc yaraland\u0131. \u0130hbar \u00fczerine b\u00f6lgeye polis ve sa\u011fl\u0131k ekipleri sevk edildi. K\u0131sa s\u00fcrede olay yerine gelen sa\u011fl\u0131k ekipleri, ilk m\u00fcdahalenin ard\u0131ndan yaral\u0131y\u0131 ambulansla hastaneye kald\u0131rd\u0131. Yaral\u0131n\u0131n hayati tehlikesinin bulunmad\u0131\u011f\u0131 \u00f6\u011frenilirken, kaza ile ilgili inceleme ba\u015flat\u0131ld\u0131.<br \/><\/p>\n","protected":false},"excerpt":{"rendered":"<p>Ayd\u0131n\u2019\u0131n Efeler il\u00e7esinde otomobil ile motosikletin \u00e7arp\u0131\u015fmas\u0131 sonucu meydana gelen kazada, motosiklet s\u00fcr\u00fcc\u00fcs\u00fc yaraland\u0131. Kaza, Efeler il\u00e7esi Bat\u0131 Gazi Bulvar\u0131 \u00fczerinde meydana geldi. Edinilen bilgiye g\u00f6re K\u0131z\u0131lay Caddesi\u2019nden bulvara \u00e7\u0131kmak i\u00e7in d\u00f6n\u00fc\u015f yapan otomobil ile o esnada Bat\u0131 Gazi Bulvar\u0131 \u00fczerinde seyir halinde motosiklet \u00e7arp\u0131\u015ft\u0131. \u00c7arpman\u0131n etkisiyle motosiklet ve s\u00fcr\u00fcc\u00fcs\u00fc yola savruldu. Kazay\u0131 g\u00f6renler durumu&#8230;<\/p>\n","protected":false},"author":1,"featured_media":17263,"comment_status":"open","ping_status":"open","sticky":false,"template":"","format":"standard","meta":{"_crdt_document":"","footnotes":""},"categories":[5],"tags":[],"class_list":["post-17262","post","type-post","status-publish","format-standard","has-post-thumbnail","hentry","category-asayis"],"_links":{"self":[{"href":"https:\/\/www.egemtv.com\/index.php?rest_route=\/wp\/v2\/posts\/17262","targetHints":{"allow":["GET"]}}],"collection":[{"href":"https:\/\/www.egemtv.com\/index.php?rest_route=\/wp\/v2\/posts"}],"about":[{"href":"https:\/\/www.egemtv.com\/index.php?rest_route=\/wp\/v2\/types\/post"}],"author":[{"embeddable":true,"href":"https:\/\/www.egemtv.com\/index.php?rest_route=\/wp\/v2\/users\/1"}],"replies":[{"embeddable":true,"href":"https:\/\/www.egemtv.com\/index.php?rest_route=%2Fwp%2Fv2%2Fcomments&post=17262"}],"version-history":[{"count":1,"href":"https:\/\/www.egemtv.com\/index.php?rest_route=\/wp\/v2\/posts\/17262\/revisions"}],"predecessor-version":[{"id":17264,"href":"https:\/\/www.egemtv.com\/index.php?rest_route=\/wp\/v2\/posts\/17262\/revisions\/17264"}],"wp:featuredmedia":[{"embeddable":true,"href":"https:\/\/www.egemtv.com\/index.php?rest_route=\/wp\/v2\/media\/17263"}],"wp:attachment":[{"href":"https:\/\/www.egemtv.com\/index.php?rest_route=%2Fwp%2Fv2%2Fmedia&parent=17262"}],"wp:term":[{"taxonomy":"category","embeddable":true,"href":"https:\/\/www.egemtv.com\/index.php?rest_route=%2Fwp%2Fv2%2Fcategories&post=17262"},{"taxonomy":"post_tag","embeddable":true,"href":"https:\/\/www.egemtv.com\/index.php?rest_route=%2Fwp%2Fv2%2Ftags&post=17262"}],"curies":[{"name":"wp","href":"https:\/\/api.w.org\/{rel}","templated":true}]}}