{"id":17253,"date":"2025-02-09T12:10:42","date_gmt":"2025-02-09T09:10:42","guid":{"rendered":"https:\/\/www.egemtv.com\/?p=17253"},"modified":"2025-02-09T12:10:44","modified_gmt":"2025-02-09T09:10:44","slug":"aydinda-pazar-yerinde-yumruklu-kavga","status":"publish","type":"post","link":"https:\/\/www.egemtv.com\/?p=17253","title":{"rendered":"Ayd\u0131n\u2019da pazar yerinde yumruklu kavga"},"content":{"rendered":"<p>Ayd\u0131n\u2019\u0131n Efeler il\u00e7esinde bir k\u0131raathanede iki grup aras\u0131nda \u00e7\u0131kan kavga soka\u011fa ta\u015ft\u0131. Pazar yerinde tekme ve yumruklar\u0131n havada u\u00e7u\u015ftu\u011fu kavgay\u0131 \u00e7evredeki vatanda\u015flar ay\u0131rmaya \u00e7al\u0131\u015ft\u0131.<br \/>\n<br \/>Olay, ge\u00e7ti\u011fimiz g\u00fcnlerde Kurtulu\u015f Mahallesi 2014 sokakta saat 10.30 sular\u0131nda meydana geldi. K\u0131raathanede oturan iki grup aras\u0131nda hen\u00fcz bilinmeyen bir nedenle tart\u0131\u015fma \u00e7\u0131kt\u0131. Tart\u0131\u015fma k\u0131sa s\u00fcrede kavgaya d\u00f6n\u00fc\u015ft\u00fc. Soka\u011fa ta\u015fan kavga, pazar\u0131 da birbirine katt\u0131. \u0130ki grup tekme ve yumruklarla birbirine girdi. O anlar \u00e7evredeki bir vatanda\u015f taraf\u0131ndan cep telefonu kameras\u0131na yans\u0131d\u0131. Pazar yerindeki \u00f6fkeli grubu ay\u0131rmak i\u00e7in \u00e7evredeki vatanda\u015flar araya girdi. Uzun u\u011fralar sonucu kavga eden grup sakinle\u015ftirildi. Daha sonra kavgaya kar\u0131\u015fan \u015fah\u0131slar olay yerinden uzakla\u015ft\u0131.<br \/>\n<br \/>Olay yerine gelen polislerin konuya ili\u015fkin incelemeleri s\u00fcr\u00fcyor.<br \/><\/p>\n","protected":false},"excerpt":{"rendered":"<p>Ayd\u0131n\u2019\u0131n Efeler il\u00e7esinde bir k\u0131raathanede iki grup aras\u0131nda \u00e7\u0131kan kavga soka\u011fa ta\u015ft\u0131. Pazar yerinde tekme ve yumruklar\u0131n havada u\u00e7u\u015ftu\u011fu kavgay\u0131 \u00e7evredeki vatanda\u015flar ay\u0131rmaya \u00e7al\u0131\u015ft\u0131. Olay, ge\u00e7ti\u011fimiz g\u00fcnlerde Kurtulu\u015f Mahallesi 2014 sokakta saat 10.30 sular\u0131nda meydana geldi. K\u0131raathanede oturan iki grup aras\u0131nda hen\u00fcz bilinmeyen bir nedenle tart\u0131\u015fma \u00e7\u0131kt\u0131. Tart\u0131\u015fma k\u0131sa s\u00fcrede kavgaya d\u00f6n\u00fc\u015ft\u00fc. Soka\u011fa ta\u015fan kavga,&#8230;<\/p>\n","protected":false},"author":1,"featured_media":17254,"comment_status":"open","ping_status":"open","sticky":false,"template":"","format":"standard","meta":{"_crdt_document":"","footnotes":""},"categories":[5],"tags":[],"class_list":["post-17253","post","type-post","status-publish","format-standard","has-post-thumbnail","hentry","category-asayis"],"_links":{"self":[{"href":"https:\/\/www.egemtv.com\/index.php?rest_route=\/wp\/v2\/posts\/17253","targetHints":{"allow":["GET"]}}],"collection":[{"href":"https:\/\/www.egemtv.com\/index.php?rest_route=\/wp\/v2\/posts"}],"about":[{"href":"https:\/\/www.egemtv.com\/index.php?rest_route=\/wp\/v2\/types\/post"}],"author":[{"embeddable":true,"href":"https:\/\/www.egemtv.com\/index.php?rest_route=\/wp\/v2\/users\/1"}],"replies":[{"embeddable":true,"href":"https:\/\/www.egemtv.com\/index.php?rest_route=%2Fwp%2Fv2%2Fcomments&post=17253"}],"version-history":[{"count":1,"href":"https:\/\/www.egemtv.com\/index.php?rest_route=\/wp\/v2\/posts\/17253\/revisions"}],"predecessor-version":[{"id":17255,"href":"https:\/\/www.egemtv.com\/index.php?rest_route=\/wp\/v2\/posts\/17253\/revisions\/17255"}],"wp:featuredmedia":[{"embeddable":true,"href":"https:\/\/www.egemtv.com\/index.php?rest_route=\/wp\/v2\/media\/17254"}],"wp:attachment":[{"href":"https:\/\/www.egemtv.com\/index.php?rest_route=%2Fwp%2Fv2%2Fmedia&parent=17253"}],"wp:term":[{"taxonomy":"category","embeddable":true,"href":"https:\/\/www.egemtv.com\/index.php?rest_route=%2Fwp%2Fv2%2Fcategories&post=17253"},{"taxonomy":"post_tag","embeddable":true,"href":"https:\/\/www.egemtv.com\/index.php?rest_route=%2Fwp%2Fv2%2Ftags&post=17253"}],"curies":[{"name":"wp","href":"https:\/\/api.w.org\/{rel}","templated":true}]}}