{"id":17208,"date":"2025-02-09T09:19:29","date_gmt":"2025-02-09T06:19:29","guid":{"rendered":"https:\/\/www.egemtv.com\/?p=17208"},"modified":"2025-02-09T09:19:33","modified_gmt":"2025-02-09T06:19:33","slug":"dogum-lekeleri-sorun-olmaktan-cikiyor","status":"publish","type":"post","link":"https:\/\/www.egemtv.com\/?p=17208","title":{"rendered":"&#8220;Do\u011fum lekeleri sorun olmaktan \u00e7\u0131k\u0131yor&#8221;"},"content":{"rendered":"<p>Hamilelik d\u00f6neminde hormonsal de\u011fi\u015fiklik nedeniyle deride ve sa\u00e7larda farkl\u0131l\u0131klar g\u00f6zlendi\u011fini belirten Kad\u0131n Hastal\u0131klar\u0131 ve Do\u011fum Uzman\u0131 Ezgi Ayd\u0131n, do\u011fumdan sonra v\u00fccutta ortaya \u00e7\u0131kan lekeler i\u00e7in uzmana ba\u015fvurulmas\u0131 gerekti\u011fini belirtti.<br \/>\n<br \/>Hamilelik d\u00f6nemi ve do\u011fumun asl\u0131nda zor bir s\u00fcre\u00e7 oldu\u011funu belirten Kad\u0131n Hastal\u0131klar\u0131 ve Do\u011fum Uzman\u0131 Ezgi Ayd\u0131n, &#8220;Bu fizyolojik de\u011fi\u015fimler y\u00fcz\u00fcnden; t\u0131rnakta de\u011fi\u015fimler, sa\u00e7larda ve ciltte d\u00f6k\u00fcnt\u00fcler meydana gelmektedir. Bu y\u00fczden hamilelik d\u00f6k\u00fcnt\u00fcleri bu d\u00f6nemde normal kar\u015f\u0131lan\u0131r. V\u00fccutta ka\u015f\u0131nt\u0131, gebelik lekesi, sivilceler de art\u0131\u015f, k\u0131lcal damarlarda belirginle\u015fme, benlerde art\u0131\u015f, \u00e7atlak olu\u015fumu, t\u0131rnak batmas\u0131 gibi sa\u011fl\u0131k sorunlar\u0131 \u015feklinde g\u00f6r\u00fclmektedir. Do\u011fumdan sonraki 1-2 g\u00fcn i\u00e7erisinde ortaya \u00e7\u0131kan bu d\u00f6k\u00fcnt\u00fc, g\u00f6r\u00fcn\u00fcm\u00fcn\u00fcn aksine iltihabi de\u011fildir. S\u0131kl\u0131kla bir iki hafta i\u00e7inde kendili\u011finden gerileyen bir durumdur, herhangi bir tedavi gerektirmez. Ancak bu d\u00f6k\u00fcnt\u00fcler do\u011fumdan hemen sonra veya 5-6 g\u00fcn sonra oluyorsa e\u015flik eden huzursuzluk, ate\u015f varsa ya da 3-4 g\u00fcn i\u00e7erisinde gerilemiyor ise doktora ba\u015fvurmak gerekir&#8221; dedi.<br \/>\n<br \/>&#8220;En yayg\u0131n \u015fikayet edilen cilt sorunlar\u0131ndan birisi do\u011fum lekesi&#8221;<br \/>\n<br \/>G\u00fcn\u00fcm\u00fczde en yayg\u0131n \u015fikayet edilen cilt sorunlar\u0131ndan birisi olan cilt lekelerinin son teknoloji cihazlarla v\u00fccuttan silinebildi\u011fini kaydeden Kad\u0131n Hastal\u0131klar\u0131 ve Do\u011fum Uzman\u0131 Ezgi Ayd\u0131n, &#8220;Cilt lekeleri, \u00f6zellikle kad\u0131nlar i\u00e7in k\u0131r\u0131\u015f\u0131kl\u0131k ve ya\u015fla ilgili cilt sorunlar\u0131ndan sonra en s\u0131k g\u00f6r\u00fclen sa\u011fl\u0131k sorunlar\u0131ndan biridir. Gebelik ve do\u011fum kontrol ila\u00e7lar\u0131n\u0131n kullan\u0131m\u0131nda, a\u011fda gibi epilasyon i\u015flemlerinden sonraki g\u00fcnlerde g\u00fcne\u015ften sak\u0131nmak ve g\u00fcne\u015f koruyucu \u00fcr\u00fcn kullanmak \u00e7ok \u00f6nemlidir. Lekelerin tedavisinde pek \u00e7ok y\u00f6ntem kullan\u0131lmaktad\u0131r&#8221; diyerek do\u011fum lekelerinin de art\u0131k sorun olmaktan \u00e7\u0131kt\u0131\u011f\u0131n\u0131 kaydetti.<br \/><\/p>\n","protected":false},"excerpt":{"rendered":"<p>Hamilelik d\u00f6neminde hormonsal de\u011fi\u015fiklik nedeniyle deride ve sa\u00e7larda farkl\u0131l\u0131klar g\u00f6zlendi\u011fini belirten Kad\u0131n Hastal\u0131klar\u0131 ve Do\u011fum Uzman\u0131 Ezgi Ayd\u0131n, do\u011fumdan sonra v\u00fccutta ortaya \u00e7\u0131kan lekeler i\u00e7in uzmana ba\u015fvurulmas\u0131 gerekti\u011fini belirtti. Hamilelik d\u00f6nemi ve do\u011fumun asl\u0131nda zor bir s\u00fcre\u00e7 oldu\u011funu belirten Kad\u0131n Hastal\u0131klar\u0131 ve Do\u011fum Uzman\u0131 Ezgi Ayd\u0131n, &#8220;Bu fizyolojik de\u011fi\u015fimler y\u00fcz\u00fcnden; t\u0131rnakta de\u011fi\u015fimler, sa\u00e7larda ve ciltte&#8230;<\/p>\n","protected":false},"author":1,"featured_media":17209,"comment_status":"open","ping_status":"open","sticky":false,"template":"","format":"standard","meta":{"_crdt_document":"","footnotes":""},"categories":[2],"tags":[],"class_list":["post-17208","post","type-post","status-publish","format-standard","has-post-thumbnail","hentry","category-saglik"],"_links":{"self":[{"href":"https:\/\/www.egemtv.com\/index.php?rest_route=\/wp\/v2\/posts\/17208","targetHints":{"allow":["GET"]}}],"collection":[{"href":"https:\/\/www.egemtv.com\/index.php?rest_route=\/wp\/v2\/posts"}],"about":[{"href":"https:\/\/www.egemtv.com\/index.php?rest_route=\/wp\/v2\/types\/post"}],"author":[{"embeddable":true,"href":"https:\/\/www.egemtv.com\/index.php?rest_route=\/wp\/v2\/users\/1"}],"replies":[{"embeddable":true,"href":"https:\/\/www.egemtv.com\/index.php?rest_route=%2Fwp%2Fv2%2Fcomments&post=17208"}],"version-history":[{"count":1,"href":"https:\/\/www.egemtv.com\/index.php?rest_route=\/wp\/v2\/posts\/17208\/revisions"}],"predecessor-version":[{"id":17210,"href":"https:\/\/www.egemtv.com\/index.php?rest_route=\/wp\/v2\/posts\/17208\/revisions\/17210"}],"wp:featuredmedia":[{"embeddable":true,"href":"https:\/\/www.egemtv.com\/index.php?rest_route=\/wp\/v2\/media\/17209"}],"wp:attachment":[{"href":"https:\/\/www.egemtv.com\/index.php?rest_route=%2Fwp%2Fv2%2Fmedia&parent=17208"}],"wp:term":[{"taxonomy":"category","embeddable":true,"href":"https:\/\/www.egemtv.com\/index.php?rest_route=%2Fwp%2Fv2%2Fcategories&post=17208"},{"taxonomy":"post_tag","embeddable":true,"href":"https:\/\/www.egemtv.com\/index.php?rest_route=%2Fwp%2Fv2%2Ftags&post=17208"}],"curies":[{"name":"wp","href":"https:\/\/api.w.org\/{rel}","templated":true}]}}