{"id":17205,"date":"2025-02-09T09:19:27","date_gmt":"2025-02-09T06:19:27","guid":{"rendered":"https:\/\/www.egemtv.com\/?p=17205"},"modified":"2025-02-09T09:19:29","modified_gmt":"2025-02-09T06:19:29","slug":"aydinda-ilginc-kaza","status":"publish","type":"post","link":"https:\/\/www.egemtv.com\/?p=17205","title":{"rendered":"Ayd\u0131n\u2019da ilgin\u00e7 kaza"},"content":{"rendered":"<p>Ayd\u0131n\u2019da ak\u0131lalmaz bir kaza ya\u015fand\u0131. Hurda y\u00fckl\u00fc bir kamyonetin kopard\u0131\u011f\u0131 elektrik teli yoldaki vatanda\u015f\u0131n aya\u011f\u0131na doland\u0131. Bir anda ne oldu\u011funu anlayamay\u0131p ak\u0131ma kap\u0131lan \u015fah\u0131s hastanelik oldu.<br \/>\n<br \/>G\u00fcvenlik kameras\u0131na yans\u0131yan ilgin\u00e7 kaza sanayi sitesinde ya\u015fand\u0131. Kamyonetine y\u00fckledi\u011fi hurda malzemelerle ilerlemekte olan plakas\u0131 ve s\u00fcr\u00fcc\u00fcs\u00fc hen\u00fcz tespit edilemeyen bir kamyonet yoldan ge\u00e7tikten sonra yoldaki bir vatanda\u015f aniden yere y\u0131\u011f\u0131ld\u0131. \u0130lgin\u00e7 kazan\u0131n, kamyonete kurals\u0131zca y\u00fcklenen hurda malzemelerden kaynakland\u0131\u011f\u0131, kamyonetin elektrik telini koparmas\u0131 sonucu yoldaki Haldun \u00d6. isimli vatanda\u015f\u0131n aya\u011f\u0131na dolanan elektrik kablosundan dolay\u0131 ak\u0131ma kap\u0131larak yere y\u0131\u011f\u0131ld\u0131\u011f\u0131 \u00f6\u011frenildi. Yaral\u0131 Haldun \u00d6.\u2019n\u00fcn kald\u0131r\u0131ld\u0131\u011f\u0131 hastanede tedavi alt\u0131na al\u0131nd\u0131\u011f\u0131 \u00f6\u011frenildi.<br \/><\/p>\n","protected":false},"excerpt":{"rendered":"<p>Ayd\u0131n\u2019da ak\u0131lalmaz bir kaza ya\u015fand\u0131. Hurda y\u00fckl\u00fc bir kamyonetin kopard\u0131\u011f\u0131 elektrik teli yoldaki vatanda\u015f\u0131n aya\u011f\u0131na doland\u0131. Bir anda ne oldu\u011funu anlayamay\u0131p ak\u0131ma kap\u0131lan \u015fah\u0131s hastanelik oldu. G\u00fcvenlik kameras\u0131na yans\u0131yan ilgin\u00e7 kaza sanayi sitesinde ya\u015fand\u0131. Kamyonetine y\u00fckledi\u011fi hurda malzemelerle ilerlemekte olan plakas\u0131 ve s\u00fcr\u00fcc\u00fcs\u00fc hen\u00fcz tespit edilemeyen bir kamyonet yoldan ge\u00e7tikten sonra yoldaki bir vatanda\u015f aniden&#8230;<\/p>\n","protected":false},"author":1,"featured_media":17206,"comment_status":"open","ping_status":"open","sticky":false,"template":"","format":"standard","meta":{"_crdt_document":"","footnotes":""},"categories":[5],"tags":[],"class_list":["post-17205","post","type-post","status-publish","format-standard","has-post-thumbnail","hentry","category-asayis"],"_links":{"self":[{"href":"https:\/\/www.egemtv.com\/index.php?rest_route=\/wp\/v2\/posts\/17205","targetHints":{"allow":["GET"]}}],"collection":[{"href":"https:\/\/www.egemtv.com\/index.php?rest_route=\/wp\/v2\/posts"}],"about":[{"href":"https:\/\/www.egemtv.com\/index.php?rest_route=\/wp\/v2\/types\/post"}],"author":[{"embeddable":true,"href":"https:\/\/www.egemtv.com\/index.php?rest_route=\/wp\/v2\/users\/1"}],"replies":[{"embeddable":true,"href":"https:\/\/www.egemtv.com\/index.php?rest_route=%2Fwp%2Fv2%2Fcomments&post=17205"}],"version-history":[{"count":1,"href":"https:\/\/www.egemtv.com\/index.php?rest_route=\/wp\/v2\/posts\/17205\/revisions"}],"predecessor-version":[{"id":17207,"href":"https:\/\/www.egemtv.com\/index.php?rest_route=\/wp\/v2\/posts\/17205\/revisions\/17207"}],"wp:featuredmedia":[{"embeddable":true,"href":"https:\/\/www.egemtv.com\/index.php?rest_route=\/wp\/v2\/media\/17206"}],"wp:attachment":[{"href":"https:\/\/www.egemtv.com\/index.php?rest_route=%2Fwp%2Fv2%2Fmedia&parent=17205"}],"wp:term":[{"taxonomy":"category","embeddable":true,"href":"https:\/\/www.egemtv.com\/index.php?rest_route=%2Fwp%2Fv2%2Fcategories&post=17205"},{"taxonomy":"post_tag","embeddable":true,"href":"https:\/\/www.egemtv.com\/index.php?rest_route=%2Fwp%2Fv2%2Ftags&post=17205"}],"curies":[{"name":"wp","href":"https:\/\/api.w.org\/{rel}","templated":true}]}}