{"id":17202,"date":"2025-02-09T09:09:49","date_gmt":"2025-02-09T06:09:49","guid":{"rendered":"https:\/\/www.egemtv.com\/?p=17202"},"modified":"2025-02-09T09:09:54","modified_gmt":"2025-02-09T06:09:54","slug":"aydin-43-yasinda","status":"publish","type":"post","link":"https:\/\/www.egemtv.com\/?p=17202","title":{"rendered":"Ayd\u0131n 43 ya\u015f\u0131nda"},"content":{"rendered":"<p>Ayd\u0131n\u2019da ikamet eden n\u00fcfus art\u0131\u015f g\u00f6stererek 1 milyon 165 bin 943 olurken, kent genelinde en fazla n\u00fcfusu 18 bin 335 ki\u015fi ile 43 ya\u015f\u0131ndaki ki\u015filer olu\u015fturuyor.<\/p>\n<p>T\u00fcrkiye \u0130statistik Kurumu (T\u00dc\u0130K), Adrese Dayal\u0131 N\u00fcfus Kay\u0131t Sistemi sonu\u00e7lar\u0131n\u0131 a\u00e7\u0131klad\u0131. A\u00e7\u0131klanan verilere g\u00f6re, Ayd\u0131n\u2019\u0131n n\u00fcfusu da bir \u00f6nceki y\u0131la g\u00f6re 4 bin 241 ki\u015fi artt\u0131. 2023 y\u0131l\u0131nda 1 milyon 161 bin 702 olan Ayd\u0131n\u2019\u0131n n\u00fcfusu 2024 y\u0131l\u0131 sonu itibari ile 1 milyon 165 bin 943\u2019e y\u00fckseldi. Ayd\u0131n\u2019da n\u00fcfusun 577 bin 819\u2019unu erkekler, 588 bin 124\u2019\u00fcn\u00fc ise kad\u0131nlar\u0131n olu\u015fturdu\u011fu \u00f6\u011frenildi.<\/p>\n<p>En fazla n\u00fcfus 43 ya\u015f<br \/>\n<br \/>A\u00e7\u0131klanan verilere g\u00f6re kent genelinde en fazla n\u00fcfusu 18 bin 335 ki\u015fi ile 43 ya\u015f\u0131ndaki ki\u015filer olu\u015fturuyor. Bu ki\u015filer aras\u0131nda 9 bin 263 ki\u015fi erkek, 9 bin 72 ki\u015fi de kad\u0131n bulunuyor. 18 bin 335 ki\u015finin olu\u015fturdu\u011fu 43 ya\u015f n\u00fcfusunu, 18 bin 100 ki\u015fi ile 44 ya\u015f, 17 bin 214 ki\u015fi ile 45 ya\u015f izliyor. Ayd\u0131n\u2019da en az n\u00fcfusa sahip ya\u015f grubu ise 8 bin 24 ki\u015fi ile 73 ya\u015f\u0131ndakiler oldu. Bu ya\u015f grubunun ise 3 bin 703\u2019\u00fcn\u00fcn erkek, 4 bin 321\u2019inin kad\u0131n oldu\u011fu \u00f6\u011frenildi. En az n\u00fcfusa sahip ya\u015f grubu olan 73 ya\u015f\u0131n\u0131 s\u0131ras\u0131yla 8 bin 794 ki\u015fi ile 74 ya\u015f\u0131ndakiler, 9 bin 463 ki\u015fi ile de 72 ya\u015f\u0131ndakiler izledi.<\/p>\n<p>Ayr\u0131ca Ayd\u0131n\u2019da 0-17 ya\u015f aral\u0131\u011f\u0131nda toplam 250 bin 697 ki\u015fi bulunurken, 18-44 ya\u015f aral\u0131\u011f\u0131nda 419 bin 590 ki\u015fi, 45-74 ya\u015f aral\u0131\u011f\u0131nda 428 bin 932 ki\u015fi, 75 ya\u015f ve \u00fczerinde ise 66 bin 724 ki\u015fi bulunuyor.<br \/><\/p>\n","protected":false},"excerpt":{"rendered":"<p>Ayd\u0131n\u2019da ikamet eden n\u00fcfus art\u0131\u015f g\u00f6stererek 1 milyon 165 bin 943 olurken, kent genelinde en fazla n\u00fcfusu 18 bin 335 ki\u015fi ile 43 ya\u015f\u0131ndaki ki\u015filer olu\u015fturuyor. T\u00fcrkiye \u0130statistik Kurumu (T\u00dc\u0130K), Adrese Dayal\u0131 N\u00fcfus Kay\u0131t Sistemi sonu\u00e7lar\u0131n\u0131 a\u00e7\u0131klad\u0131. A\u00e7\u0131klanan verilere g\u00f6re, Ayd\u0131n\u2019\u0131n n\u00fcfusu da bir \u00f6nceki y\u0131la g\u00f6re 4 bin 241 ki\u015fi artt\u0131. 2023 y\u0131l\u0131nda 1&#8230;<\/p>\n","protected":false},"author":1,"featured_media":17203,"comment_status":"open","ping_status":"open","sticky":false,"template":"","format":"standard","meta":{"_crdt_document":"","footnotes":""},"categories":[1],"tags":[],"class_list":["post-17202","post","type-post","status-publish","format-standard","has-post-thumbnail","hentry","category-guncel"],"_links":{"self":[{"href":"https:\/\/www.egemtv.com\/index.php?rest_route=\/wp\/v2\/posts\/17202","targetHints":{"allow":["GET"]}}],"collection":[{"href":"https:\/\/www.egemtv.com\/index.php?rest_route=\/wp\/v2\/posts"}],"about":[{"href":"https:\/\/www.egemtv.com\/index.php?rest_route=\/wp\/v2\/types\/post"}],"author":[{"embeddable":true,"href":"https:\/\/www.egemtv.com\/index.php?rest_route=\/wp\/v2\/users\/1"}],"replies":[{"embeddable":true,"href":"https:\/\/www.egemtv.com\/index.php?rest_route=%2Fwp%2Fv2%2Fcomments&post=17202"}],"version-history":[{"count":1,"href":"https:\/\/www.egemtv.com\/index.php?rest_route=\/wp\/v2\/posts\/17202\/revisions"}],"predecessor-version":[{"id":17204,"href":"https:\/\/www.egemtv.com\/index.php?rest_route=\/wp\/v2\/posts\/17202\/revisions\/17204"}],"wp:featuredmedia":[{"embeddable":true,"href":"https:\/\/www.egemtv.com\/index.php?rest_route=\/wp\/v2\/media\/17203"}],"wp:attachment":[{"href":"https:\/\/www.egemtv.com\/index.php?rest_route=%2Fwp%2Fv2%2Fmedia&parent=17202"}],"wp:term":[{"taxonomy":"category","embeddable":true,"href":"https:\/\/www.egemtv.com\/index.php?rest_route=%2Fwp%2Fv2%2Fcategories&post=17202"},{"taxonomy":"post_tag","embeddable":true,"href":"https:\/\/www.egemtv.com\/index.php?rest_route=%2Fwp%2Fv2%2Ftags&post=17202"}],"curies":[{"name":"wp","href":"https:\/\/api.w.org\/{rel}","templated":true}]}}