{"id":17163,"date":"2025-02-08T18:34:11","date_gmt":"2025-02-08T15:34:11","guid":{"rendered":"https:\/\/www.egemtv.com\/?p=17163"},"modified":"2025-02-08T18:34:18","modified_gmt":"2025-02-08T15:34:18","slug":"baskan-mandalinci-buyuk-felaketin-2-yilinda-hatayda","status":"publish","type":"post","link":"https:\/\/www.egemtv.com\/?p=17163","title":{"rendered":"Ba\u015fkan Mandalinci, b\u00fcy\u00fck felaketin 2. y\u0131l\u0131nda Hatay\u2019da"},"content":{"rendered":"<p>Bodrum Belediye Ba\u015fkan\u0131 Tamer Mandalinci, 6 \u015eubat depremlerinin ikinci y\u0131l d\u00f6n\u00fcm\u00fcnde Hatay\u2019da depremzede vatanda\u015flarla bir araya geldi.<\/p>\n<p>Belediye Ba\u015fkan\u0131 Tamer Mandalinci, 6 ve 7 \u015eubat\u2019ta Hatay\u2019da bir dizi ziyarette bulunarak Bodrum Belediyesi \u00f6nc\u00fcl\u00fc\u011f\u00fcnde Arsuz\u2019da kurulan konteyner kentte Mu\u011fla B\u00fcy\u00fck\u015fehir Belediye Ba\u015fkan\u0131 Ahmet Aras\u2019\u0131n da kat\u0131l\u0131m\u0131yla depremzede vatanda\u015flarla bulu\u015ftu. Ba\u015fkan Mandalinci, Arsuz Belediye Ba\u015fkan\u0131 Sami \u00dcst\u00fcn ve Arsuz Kaymakam\u0131 Hac\u0131 Hasan G\u00f6kp\u0131nar ile makam\u0131nda bir araya gelirken Mu\u011fla B\u00fcy\u00fck\u015fehir Belediyesi organizasyonuyla Arsuz G\u00f6zc\u00fcler Konteyner Kent Yerle\u015fkesinde ger\u00e7ekle\u015fen yemek da\u011f\u0131t\u0131m\u0131na da kat\u0131ld\u0131.<\/p>\n<p>Ba\u015fkan Mandalinci, 7 \u015eubat Cuma g\u00fcn\u00fc Cumhuriyet Halk Partisi Genel Ba\u015fkan\u0131 \u00d6zg\u00fcr \u00d6zel\u2019i il ba\u015fkanl\u0131\u011f\u0131nda kar\u015f\u0131lad\u0131. G\u00fcn boyunca Hatay\u2019\u0131n merkez ve \u00e7evre il\u00e7elerinde anma programlar\u0131na kat\u0131ld\u0131. Hatay Reyhanl\u0131 Ticaret Borsas\u0131\u2019nda STK temsilcileriyle de bir araya gelen Ba\u015fkan Mandalinci, \u00e7evre il\u00e7elerde ya\u015fayan depremzede vatanda\u015flarla bulu\u015farak de\u011ferlendirmeler yapt\u0131.<\/p>\n<p>Genel Ba\u015fkan \u00d6zg\u00fcr \u00d6zel\u2019in \u00f6nc\u00fcl\u00fc\u011f\u00fcnde ger\u00e7ekle\u015fen ziyaretlerde PM ve MYK \u00fcyeleri, il ba\u015fkanlar\u0131, mevcut ve \u00f6nceki d\u00f6nem milletvekilleri ve belediye ba\u015fkanlar\u0131 yer ald\u0131.<\/p>\n<p>Genel Ba\u015fkan \u00d6zg\u00fcr \u00d6zel ve protokol \u00fcyeleri ile birlikte, 6 \u015eubat\u2019ta hayat\u0131n\u0131 kaybeden vatanda\u015flar\u0131n bulundu\u011fu Hatay B\u00fcy\u00fck\u015fehir Belediyesi Deprem \u015eehitleri Mezarl\u0131\u011f\u0131 ziyaret edilirken Mu\u011fla B\u00fcy\u00fck\u015fehir Belediyesi taraf\u0131ndan Defne Atat\u00fcrk Stadyumu\u2019nda d\u00fczenlenen mevlit ve yemek hayr\u0131na da kat\u0131l\u0131m sa\u011fland\u0131.<\/p>\n<p>Ba\u015fkan Tamer Mandalinci Hatay ziyaretiyle ilgili yapt\u0131\u011f\u0131 a\u00e7\u0131klamada \u015funlar\u0131 s\u00f6yledi:<br \/>\n<br \/>&#8220;Genel Ba\u015fkan\u0131m\u0131z Say\u0131n \u00d6zg\u00fcr \u00d6zel\u2019in \u00f6nc\u00fcl\u00fc\u011f\u00fcnde, Hatayl\u0131lar\u0131n sesi olmaya ve dayan\u0131\u015fmay\u0131 b\u00fcy\u00fctmeye devam ediyoruz. Hatay program\u0131m\u0131z kapsam\u0131nda Defne Belediyesi \u00f6n\u00fcnde vatanda\u015flar\u0131m\u0131zla bir araya geldik. Bu bulu\u015fmalar, sadece maddi yard\u0131mlar\u0131n de\u011fil, ayn\u0131 zamanda manevi deste\u011fin de \u00e7ok \u00f6nemli oldu\u011funu bizlere bir kez daha hat\u0131rlat\u0131yor. Felaketin yaralar\u0131n\u0131 sarmak ve hayatlar\u0131 yeniden in\u015fa etmek i\u00e7in birlikteli\u011fin, dayan\u0131\u015fman\u0131n ne kadar de\u011ferli oldu\u011funu g\u00f6r\u00fcyoruz. Hayat\u0131n\u0131 kaybeden vatanda\u015flar\u0131m\u0131z\u0131 rahmetle an\u0131yor, milletimizin b\u00f6yle ac\u0131lar\u0131 tekrar ya\u015famamas\u0131n\u0131 temenni ediyorum.&#8221;<br \/><\/p>\n","protected":false},"excerpt":{"rendered":"<p>Bodrum Belediye Ba\u015fkan\u0131 Tamer Mandalinci, 6 \u015eubat depremlerinin ikinci y\u0131l d\u00f6n\u00fcm\u00fcnde Hatay\u2019da depremzede vatanda\u015flarla bir araya geldi. Belediye Ba\u015fkan\u0131 Tamer Mandalinci, 6 ve 7 \u015eubat\u2019ta Hatay\u2019da bir dizi ziyarette bulunarak Bodrum Belediyesi \u00f6nc\u00fcl\u00fc\u011f\u00fcnde Arsuz\u2019da kurulan konteyner kentte Mu\u011fla B\u00fcy\u00fck\u015fehir Belediye Ba\u015fkan\u0131 Ahmet Aras\u2019\u0131n da kat\u0131l\u0131m\u0131yla depremzede vatanda\u015flarla bulu\u015ftu. Ba\u015fkan Mandalinci, Arsuz Belediye Ba\u015fkan\u0131 Sami \u00dcst\u00fcn&#8230;<\/p>\n","protected":false},"author":1,"featured_media":17164,"comment_status":"open","ping_status":"open","sticky":false,"template":"","format":"standard","meta":{"_crdt_document":"","footnotes":""},"categories":[123],"tags":[],"class_list":["post-17163","post","type-post","status-publish","format-standard","has-post-thumbnail","hentry","category-gundem"],"_links":{"self":[{"href":"https:\/\/www.egemtv.com\/index.php?rest_route=\/wp\/v2\/posts\/17163","targetHints":{"allow":["GET"]}}],"collection":[{"href":"https:\/\/www.egemtv.com\/index.php?rest_route=\/wp\/v2\/posts"}],"about":[{"href":"https:\/\/www.egemtv.com\/index.php?rest_route=\/wp\/v2\/types\/post"}],"author":[{"embeddable":true,"href":"https:\/\/www.egemtv.com\/index.php?rest_route=\/wp\/v2\/users\/1"}],"replies":[{"embeddable":true,"href":"https:\/\/www.egemtv.com\/index.php?rest_route=%2Fwp%2Fv2%2Fcomments&post=17163"}],"version-history":[{"count":1,"href":"https:\/\/www.egemtv.com\/index.php?rest_route=\/wp\/v2\/posts\/17163\/revisions"}],"predecessor-version":[{"id":17165,"href":"https:\/\/www.egemtv.com\/index.php?rest_route=\/wp\/v2\/posts\/17163\/revisions\/17165"}],"wp:featuredmedia":[{"embeddable":true,"href":"https:\/\/www.egemtv.com\/index.php?rest_route=\/wp\/v2\/media\/17164"}],"wp:attachment":[{"href":"https:\/\/www.egemtv.com\/index.php?rest_route=%2Fwp%2Fv2%2Fmedia&parent=17163"}],"wp:term":[{"taxonomy":"category","embeddable":true,"href":"https:\/\/www.egemtv.com\/index.php?rest_route=%2Fwp%2Fv2%2Fcategories&post=17163"},{"taxonomy":"post_tag","embeddable":true,"href":"https:\/\/www.egemtv.com\/index.php?rest_route=%2Fwp%2Fv2%2Ftags&post=17163"}],"curies":[{"name":"wp","href":"https:\/\/api.w.org\/{rel}","templated":true}]}}