{"id":17151,"date":"2025-02-08T17:16:51","date_gmt":"2025-02-08T14:16:51","guid":{"rendered":"https:\/\/www.egemtv.com\/?p=17151"},"modified":"2025-02-08T17:16:59","modified_gmt":"2025-02-08T14:16:59","slug":"sp-lideri-arikan-gencler-daha-fazla-soz-hakkina-sahip-olmali","status":"publish","type":"post","link":"https:\/\/www.egemtv.com\/?p=17151","title":{"rendered":"SP Lideri Ar\u0131kan: &#8220;Gen\u00e7ler daha fazla s\u00f6z hakk\u0131na sahip olmal\u0131&#8221;"},"content":{"rendered":"<p>Partisinin \u0130zmir il kongresine kat\u0131lmak \u00fczere \u0130zmir\u2019e gelen Saadet Partisi (SP) Genel Ba\u015fkan\u0131 Mahmut Ar\u0131kan, \u0130zmir\u2019de esnaflar\u0131 ziyaret edip kad\u0131n \u00fcyeleri ve gen\u00e7lerle bir araya geldi. Ar\u0131kan, &#8220;T\u00fcrkiye\u2019nin gelece\u011fi i\u00e7in gen\u00e7lerin daha fazla s\u00f6z hakk\u0131na sahip olmas\u0131 gerekiyor&#8221; dedi.<br \/>\n<br \/>\u0130lk olarak SP \u0130zmir \u0130l Kad\u0131n Kollar\u0131 Te\u015fkilat\u0131 \u00fcyeleriyle bir araya gelen Ar\u0131kan, kad\u0131nlar\u0131n toplumdaki rol\u00fcne ve Saadet Partisi olarak sunduklar\u0131 \u00e7\u00f6z\u00fcmlere dair \u00f6nemli de\u011ferlendirmelerde bulundu. Kad\u0131n Kollar\u0131 Te\u015fkilat\u0131 \u00fcyelerinin \u00e7al\u0131\u015fmalar\u0131na dair bilgiler alarak, te\u015fkilat\u0131n toplumun her kesimiyle daha yak\u0131n ili\u015fkiler kurarak g\u00fc\u00e7l\u00fc bir ba\u011f olu\u015fturmas\u0131 gerekti\u011fini ifade etti.<br \/>\n<br \/>Kad\u0131nlar\u0131n T\u00fcrk siyasetindeki yerinin \u00e7ok \u00f6nemli oldu\u011funu vurgulayarak Saadet Partisi\u2019nin te\u015fkilat \u00e7al\u0131\u015fmalar\u0131nda da kad\u0131nlar\u0131n \u00e7ok k\u0131ymetli faaliyetler ger\u00e7ekle\u015ftirdi\u011fini belirten Ar\u0131kan, &#8220;Kad\u0131nlar\u0131m\u0131z\u0131n siyaset \u00fczerindeki etkisi ve katk\u0131s\u0131 her ge\u00e7en g\u00fcn art\u0131yor. Saadet Partisi olarak, kad\u0131nlar\u0131m\u0131z\u0131n sesinin daha g\u00fc\u00e7l\u00fc \u00e7\u0131kmas\u0131 ve toplumdaki rol\u00fcn\u00fc daha da peki\u015ftirmesi ad\u0131na \u00e7al\u0131\u015fmalar\u0131m\u0131za b\u00fcy\u00fck bir \u00f6nem veriyoruz.&#8221; dedi.<br \/>\n<br \/>Kad\u0131n Kollar\u0131 bulu\u015fmas\u0131n\u0131n ard\u0131ndan \u0130zmir Kemeralt\u0131\u2019nda esnaf ve vatanda\u015flar\u0131 ziyaret eden Ar\u0131kan, ya\u015fanan ekonomik s\u0131k\u0131nt\u0131lara ili\u015fkin \u00e7\u00f6z\u00fcm \u00f6nerileri sundu. Esnaf\u0131n zor zamanlar ge\u00e7irdi\u011fine dikkat \u00e7eken Ar\u0131kan, &#8220;Ekonomik s\u0131k\u0131nt\u0131lar\u0131n en a\u011f\u0131r y\u00fck\u00fcn\u00fc esnaf\u0131m\u0131z ta\u015f\u0131yor. Bizim hedefimiz, halk\u0131n refah\u0131n\u0131 art\u0131rmak ve ekonomik sorunlar\u0131 \u00e7\u00f6zmektir. Hi\u00e7bir esnaf\u0131m\u0131z\u0131n siftah yapmadan d\u00fckkan\u0131n\u0131 kapatmayaca\u011f\u0131, toplumun her kesiminin huzur i\u00e7inde ya\u015fad\u0131\u011f\u0131 bir T\u00fcrkiye kurmay\u0131 ama\u00e7l\u0131yoruz. Bunu da in\u015fallah esnaf\u0131m\u0131z\u0131n, vatanda\u015flar\u0131m\u0131z\u0131n destekleriyle sa\u011flayaca\u011f\u0131z&#8221; \u015feklinde konu\u015ftu.<br \/>\n<br \/>Esnaf ziyaretinin ard\u0131ndan gen\u00e7lerle bir araya gelen Ar\u0131kan, ya\u015fad\u0131klar\u0131 sorunlar\u0131 yak\u0131ndan takip ettiklerini belirterek &#8220;T\u00fcrkiye\u2019nin gelece\u011fi i\u00e7in gen\u00e7lerin daha fazla s\u00f6z hakk\u0131na sahip olmas\u0131 gerekiyor. Gen\u00e7lerin e\u011fitim, istihdam ve gelece\u011fe dair kayg\u0131lar\u0131 oldu\u011funu biliyoruz. Gen\u00e7lerimiz \u00fclkemizin yar\u0131n\u0131n\u0131n liderleri. Onlar\u0131n hayallerine engel olmamak, onlar\u0131 desteklemek bizim en b\u00fcy\u00fck sorumlulu\u011fumuz. Hi\u00e7bir gencimizin \u00fclkesini terk etmek zorunda kalmad\u0131\u011f\u0131 yar\u0131nlar\u0131 olu\u015fturmak i\u00e7in \u00e7aba g\u00f6steriyoruz. Toplumun her kesimiyle alakal\u0131 oldu\u011fu gibi yine gen\u00e7lerimizin sorunlar\u0131n\u0131 da \u00e7\u00f6z\u00fcme kavu\u015fturacak irade ve kadro Saadet Partisi\u2019nde var&#8221; dedi.<br \/><\/p>\n","protected":false},"excerpt":{"rendered":"<p>Partisinin \u0130zmir il kongresine kat\u0131lmak \u00fczere \u0130zmir\u2019e gelen Saadet Partisi (SP) Genel Ba\u015fkan\u0131 Mahmut Ar\u0131kan, \u0130zmir\u2019de esnaflar\u0131 ziyaret edip kad\u0131n \u00fcyeleri ve gen\u00e7lerle bir araya geldi. Ar\u0131kan, &#8220;T\u00fcrkiye\u2019nin gelece\u011fi i\u00e7in gen\u00e7lerin daha fazla s\u00f6z hakk\u0131na sahip olmas\u0131 gerekiyor&#8221; dedi. \u0130lk olarak SP \u0130zmir \u0130l Kad\u0131n Kollar\u0131 Te\u015fkilat\u0131 \u00fcyeleriyle bir araya gelen Ar\u0131kan, kad\u0131nlar\u0131n toplumdaki rol\u00fcne&#8230;<\/p>\n","protected":false},"author":1,"featured_media":17152,"comment_status":"open","ping_status":"open","sticky":false,"template":"","format":"standard","meta":{"_crdt_document":"","footnotes":""},"categories":[127],"tags":[],"class_list":["post-17151","post","type-post","status-publish","format-standard","has-post-thumbnail","hentry","category-siyaset"],"_links":{"self":[{"href":"https:\/\/www.egemtv.com\/index.php?rest_route=\/wp\/v2\/posts\/17151","targetHints":{"allow":["GET"]}}],"collection":[{"href":"https:\/\/www.egemtv.com\/index.php?rest_route=\/wp\/v2\/posts"}],"about":[{"href":"https:\/\/www.egemtv.com\/index.php?rest_route=\/wp\/v2\/types\/post"}],"author":[{"embeddable":true,"href":"https:\/\/www.egemtv.com\/index.php?rest_route=\/wp\/v2\/users\/1"}],"replies":[{"embeddable":true,"href":"https:\/\/www.egemtv.com\/index.php?rest_route=%2Fwp%2Fv2%2Fcomments&post=17151"}],"version-history":[{"count":1,"href":"https:\/\/www.egemtv.com\/index.php?rest_route=\/wp\/v2\/posts\/17151\/revisions"}],"predecessor-version":[{"id":17153,"href":"https:\/\/www.egemtv.com\/index.php?rest_route=\/wp\/v2\/posts\/17151\/revisions\/17153"}],"wp:featuredmedia":[{"embeddable":true,"href":"https:\/\/www.egemtv.com\/index.php?rest_route=\/wp\/v2\/media\/17152"}],"wp:attachment":[{"href":"https:\/\/www.egemtv.com\/index.php?rest_route=%2Fwp%2Fv2%2Fmedia&parent=17151"}],"wp:term":[{"taxonomy":"category","embeddable":true,"href":"https:\/\/www.egemtv.com\/index.php?rest_route=%2Fwp%2Fv2%2Fcategories&post=17151"},{"taxonomy":"post_tag","embeddable":true,"href":"https:\/\/www.egemtv.com\/index.php?rest_route=%2Fwp%2Fv2%2Ftags&post=17151"}],"curies":[{"name":"wp","href":"https:\/\/api.w.org\/{rel}","templated":true}]}}