{"id":17148,"date":"2025-02-08T17:04:20","date_gmt":"2025-02-08T14:04:20","guid":{"rendered":"https:\/\/www.egemtv.com\/?p=17148"},"modified":"2025-02-08T17:04:22","modified_gmt":"2025-02-08T14:04:22","slug":"izmirde-trafik-kazasinda-polis-memuru-hayatini-kaybetti-esi-yaralandi","status":"publish","type":"post","link":"https:\/\/www.egemtv.com\/?p=17148","title":{"rendered":"\u0130zmir\u2019de trafik kazas\u0131nda polis memuru hayat\u0131n\u0131 kaybetti, e\u015fi yaraland\u0131"},"content":{"rendered":"<p>\u0130zmir\u2019in Bornova il\u00e7esinde mesai d\u0131\u015f\u0131nda motosikletiyle seyri halinde olan 26 ya\u015f\u0131ndaki polis memuru meydana gelen kazada hayat\u0131n\u0131 kaybetti e\u015fi ise yaralanarak hastaneye kald\u0131r\u0131ld\u0131.<br \/>\n<br \/>Kaza, saat 01.00 s\u0131ralar\u0131nda Bornova Anadolu Lisesi yak\u0131nlar\u0131nda meydana geldi. \u0130zmir \u00c7evik Kuvvet \u015eube M\u00fcd\u00fcrl\u00fc\u011f\u00fc kadrosunda 2 y\u0131ll\u0131k polis memuru oldu\u011fu \u00f6\u011frenilen Yunus Ayd\u0131n (26), e\u015fi Mihriban Ayd\u0131n ile birlikte motosikletiyle gezintiye \u00e7\u0131kt\u0131. Seyir halindeyken devrilen motosiklette bulunan polis ve e\u015fi yere savruldu. Kazay\u0131 g\u00f6renlerin ihbar\u0131 \u00fczerine olay yerini polis ve sa\u011fl\u0131k ekipleri sevk edildi. Polis yolda g\u00fcvenlik \u00f6nlem al\u0131rken sa\u011fl\u0131k ekipleri taraf\u0131ndan yap\u0131lan kontrolde yaraland\u0131\u011f\u0131 belirlenen Yunus Ayd\u0131n ve e\u015fi Ege \u00dcniversitesi T\u0131p Fak\u00fcltesi Hastanesi\u2019ne kald\u0131r\u0131ld\u0131. Burada tedaviye al\u0131nan yaral\u0131lardan polis memuru Yunus Ayd\u0131n yap\u0131lan t\u00fcm m\u00fcdahalelere ra\u011fmen kurtar\u0131lamayarak hayat\u0131n\u0131 kaybetti. E\u015fi Mihriban Ayd\u0131n\u2019\u0131n ise hastanedeki tedavisinin s\u00fcrd\u00fc\u011f\u00fc \u00f6\u011frenildi.<br \/>\n<br \/>Hayat\u0131n\u0131 kaybeden Yunus Ayd\u0131n\u2019\u0131n cenazesi \u0130zmir \u00c7evik Kuvvet \u015eube M\u00fcd\u00fcrl\u00fc\u011f\u00fc\u2019nde yap\u0131lan t\u00f6renin ard\u0131ndan memleketi Bursa\u2019n\u0131n \u0130neg\u00f6l il\u00e7esine g\u00f6nderildi.<br \/><\/p>\n","protected":false},"excerpt":{"rendered":"<p>\u0130zmir\u2019in Bornova il\u00e7esinde mesai d\u0131\u015f\u0131nda motosikletiyle seyri halinde olan 26 ya\u015f\u0131ndaki polis memuru meydana gelen kazada hayat\u0131n\u0131 kaybetti e\u015fi ise yaralanarak hastaneye kald\u0131r\u0131ld\u0131. Kaza, saat 01.00 s\u0131ralar\u0131nda Bornova Anadolu Lisesi yak\u0131nlar\u0131nda meydana geldi. \u0130zmir \u00c7evik Kuvvet \u015eube M\u00fcd\u00fcrl\u00fc\u011f\u00fc kadrosunda 2 y\u0131ll\u0131k polis memuru oldu\u011fu \u00f6\u011frenilen Yunus Ayd\u0131n (26), e\u015fi Mihriban Ayd\u0131n ile birlikte motosikletiyle gezintiye&#8230;<\/p>\n","protected":false},"author":1,"featured_media":17149,"comment_status":"open","ping_status":"open","sticky":false,"template":"","format":"standard","meta":{"_crdt_document":"","footnotes":""},"categories":[5],"tags":[],"class_list":["post-17148","post","type-post","status-publish","format-standard","has-post-thumbnail","hentry","category-asayis"],"_links":{"self":[{"href":"https:\/\/www.egemtv.com\/index.php?rest_route=\/wp\/v2\/posts\/17148","targetHints":{"allow":["GET"]}}],"collection":[{"href":"https:\/\/www.egemtv.com\/index.php?rest_route=\/wp\/v2\/posts"}],"about":[{"href":"https:\/\/www.egemtv.com\/index.php?rest_route=\/wp\/v2\/types\/post"}],"author":[{"embeddable":true,"href":"https:\/\/www.egemtv.com\/index.php?rest_route=\/wp\/v2\/users\/1"}],"replies":[{"embeddable":true,"href":"https:\/\/www.egemtv.com\/index.php?rest_route=%2Fwp%2Fv2%2Fcomments&post=17148"}],"version-history":[{"count":1,"href":"https:\/\/www.egemtv.com\/index.php?rest_route=\/wp\/v2\/posts\/17148\/revisions"}],"predecessor-version":[{"id":17150,"href":"https:\/\/www.egemtv.com\/index.php?rest_route=\/wp\/v2\/posts\/17148\/revisions\/17150"}],"wp:featuredmedia":[{"embeddable":true,"href":"https:\/\/www.egemtv.com\/index.php?rest_route=\/wp\/v2\/media\/17149"}],"wp:attachment":[{"href":"https:\/\/www.egemtv.com\/index.php?rest_route=%2Fwp%2Fv2%2Fmedia&parent=17148"}],"wp:term":[{"taxonomy":"category","embeddable":true,"href":"https:\/\/www.egemtv.com\/index.php?rest_route=%2Fwp%2Fv2%2Fcategories&post=17148"},{"taxonomy":"post_tag","embeddable":true,"href":"https:\/\/www.egemtv.com\/index.php?rest_route=%2Fwp%2Fv2%2Ftags&post=17148"}],"curies":[{"name":"wp","href":"https:\/\/api.w.org\/{rel}","templated":true}]}}