{"id":17145,"date":"2025-02-08T17:04:16","date_gmt":"2025-02-08T14:04:16","guid":{"rendered":"https:\/\/www.egemtv.com\/?p=17145"},"modified":"2025-02-08T17:04:19","modified_gmt":"2025-02-08T14:04:19","slug":"plakasiz-motosiklet-kullananlara-agir-ceza","status":"publish","type":"post","link":"https:\/\/www.egemtv.com\/?p=17145","title":{"rendered":"Plakas\u0131z motosiklet kullananlara a\u011f\u0131r ceza"},"content":{"rendered":"<p>K\u00fctahya\u2019n\u0131n Tav\u015fanl\u0131 il\u00e7esi \u0130l\u00e7e Emniyet M\u00fcd\u00fcrl\u00fc\u011f\u00fc Trafik B\u00fcro Amirli\u011fi, motosiklet s\u00fcr\u00fcc\u00fclerine y\u00f6nelik yo\u011fun denetimler ger\u00e7ekle\u015ftirdi.<br \/>\n<br \/>Ekipler, denetimlerde plakas\u0131z s\u00fcr\u00fcc\u00fclere y\u00f6nelik \u00e7al\u0131\u015fma yap\u0131yor. Plakas\u0131z s\u00fcr\u00fcc\u00fclere para cezas\u0131 uygulan\u0131yor. Denetimlerde sadece plakalar de\u011fil, kask kullan\u0131m\u0131 da s\u0131k\u0131 bir \u015fekilde kontrol ediliyor. Kasks\u0131z motosiklet kullan\u0131m\u0131 hem s\u00fcr\u00fcc\u00fcn\u00fcn hem de yolcular\u0131n hayat\u0131n\u0131 tehlikeye atarken, trafik kurallar\u0131na uymayan s\u00fcr\u00fcc\u00fclere cezai i\u015flem uygulan\u0131yor. Yetkililer, motosiklet kazalar\u0131n\u0131 \u00f6nlemek ad\u0131na bu t\u00fcr uygulamalar\u0131n art\u0131r\u0131laca\u011f\u0131n\u0131 ifade etti.<br \/>\n<br \/>Yetkililer, denetimlerin yaln\u0131zca cezai i\u015flem ama\u00e7l\u0131 olmad\u0131\u011f\u0131n\u0131, ayn\u0131 zamanda vatanda\u015flar\u0131n can g\u00fcvenli\u011fi i\u00e7in ger\u00e7ekle\u015ftirildi\u011fini vurguluyor. Trafik kurallar\u0131na uyulmas\u0131 halinde hem s\u00fcr\u00fcc\u00fclerin hem de yayalar\u0131n g\u00fcvenli\u011fi sa\u011flanm\u0131\u015f olacak. Vatanda\u015flardan, kask takma ve plaka kullan\u0131m\u0131 konusunda duyarl\u0131 olmalar\u0131 bekleniyor.<br \/><\/p>\n","protected":false},"excerpt":{"rendered":"<p>K\u00fctahya\u2019n\u0131n Tav\u015fanl\u0131 il\u00e7esi \u0130l\u00e7e Emniyet M\u00fcd\u00fcrl\u00fc\u011f\u00fc Trafik B\u00fcro Amirli\u011fi, motosiklet s\u00fcr\u00fcc\u00fclerine y\u00f6nelik yo\u011fun denetimler ger\u00e7ekle\u015ftirdi. Ekipler, denetimlerde plakas\u0131z s\u00fcr\u00fcc\u00fclere y\u00f6nelik \u00e7al\u0131\u015fma yap\u0131yor. Plakas\u0131z s\u00fcr\u00fcc\u00fclere para cezas\u0131 uygulan\u0131yor. Denetimlerde sadece plakalar de\u011fil, kask kullan\u0131m\u0131 da s\u0131k\u0131 bir \u015fekilde kontrol ediliyor. Kasks\u0131z motosiklet kullan\u0131m\u0131 hem s\u00fcr\u00fcc\u00fcn\u00fcn hem de yolcular\u0131n hayat\u0131n\u0131 tehlikeye atarken, trafik kurallar\u0131na uymayan s\u00fcr\u00fcc\u00fclere cezai&#8230;<\/p>\n","protected":false},"author":1,"featured_media":17146,"comment_status":"open","ping_status":"open","sticky":false,"template":"","format":"standard","meta":{"_crdt_document":"","footnotes":""},"categories":[5],"tags":[],"class_list":["post-17145","post","type-post","status-publish","format-standard","has-post-thumbnail","hentry","category-asayis"],"_links":{"self":[{"href":"https:\/\/www.egemtv.com\/index.php?rest_route=\/wp\/v2\/posts\/17145","targetHints":{"allow":["GET"]}}],"collection":[{"href":"https:\/\/www.egemtv.com\/index.php?rest_route=\/wp\/v2\/posts"}],"about":[{"href":"https:\/\/www.egemtv.com\/index.php?rest_route=\/wp\/v2\/types\/post"}],"author":[{"embeddable":true,"href":"https:\/\/www.egemtv.com\/index.php?rest_route=\/wp\/v2\/users\/1"}],"replies":[{"embeddable":true,"href":"https:\/\/www.egemtv.com\/index.php?rest_route=%2Fwp%2Fv2%2Fcomments&post=17145"}],"version-history":[{"count":1,"href":"https:\/\/www.egemtv.com\/index.php?rest_route=\/wp\/v2\/posts\/17145\/revisions"}],"predecessor-version":[{"id":17147,"href":"https:\/\/www.egemtv.com\/index.php?rest_route=\/wp\/v2\/posts\/17145\/revisions\/17147"}],"wp:featuredmedia":[{"embeddable":true,"href":"https:\/\/www.egemtv.com\/index.php?rest_route=\/wp\/v2\/media\/17146"}],"wp:attachment":[{"href":"https:\/\/www.egemtv.com\/index.php?rest_route=%2Fwp%2Fv2%2Fmedia&parent=17145"}],"wp:term":[{"taxonomy":"category","embeddable":true,"href":"https:\/\/www.egemtv.com\/index.php?rest_route=%2Fwp%2Fv2%2Fcategories&post=17145"},{"taxonomy":"post_tag","embeddable":true,"href":"https:\/\/www.egemtv.com\/index.php?rest_route=%2Fwp%2Fv2%2Ftags&post=17145"}],"curies":[{"name":"wp","href":"https:\/\/api.w.org\/{rel}","templated":true}]}}