{"id":17142,"date":"2025-02-08T16:58:42","date_gmt":"2025-02-08T13:58:42","guid":{"rendered":"https:\/\/www.egemtv.com\/?p=17142"},"modified":"2025-02-08T16:58:48","modified_gmt":"2025-02-08T13:58:48","slug":"muglada-bin-268-kisilik-iskur-genclik-programi-basvurulari-basliyor","status":"publish","type":"post","link":"https:\/\/www.egemtv.com\/?p=17142","title":{"rendered":"Mu\u011fla\u2019da Bin 268 ki\u015filik \u2018\u0130\u015eKUR Gen\u00e7lik Program\u0131\u2019 ba\u015fvurular\u0131 ba\u015fl\u0131yor"},"content":{"rendered":"<p>\u00d6\u011frencilerin mesleki geli\u015fimlerini desteklemeyi ve gelece\u011fe ilk ad\u0131m\u0131 atmalar\u0131n\u0131 sa\u011flayan, \u00f6\u011frencilerin i\u015f hayat\u0131na kat\u0131l\u0131mlar\u0131n\u0131 kolayla\u015ft\u0131rarak, mesleki deneyim kazanmalar\u0131na yard\u0131mc\u0131 olan \u2018\u0130\u015eKUR Gen\u00e7lik Program\u0131\u2019 ba\u015fvurular\u0131 10 \u015eubat tarihi itibar\u0131yla Mu\u011fla\u2019da ba\u015fl\u0131yor. Gen\u00e7ler i\u00e7in hayata ge\u00e7irilen \u0130\u015eKUR Gen\u00e7lik Program\u0131nda Devlet \u00dcniversiteleri ile i\u015f birli\u011fi i\u00e7inde \u00f6\u011frenciler i\u015f g\u00fcc\u00fc piyasas\u0131yla tan\u0131\u015ft\u0131r\u0131lacak.<br \/>\n<br \/>Mu\u011fla\u2019da, \u0130\u015eKUR ve Mu\u011fla S\u0131tk\u0131 Ko\u00e7man \u00dcniversitesi i\u015fbirli\u011fi ile toplam Bin 268 Mu\u011fla S\u0131tk\u0131 Ko\u00e7man \u00dcniversitesi \u00f6\u011frencisi; Teknoloji Destek Hizmetleri, Kulu\u00e7ka Merkezi Operasyonlar\u0131, Teknoloji Transfer Ofisi, Laboratuvar ve Ara\u015ft\u0131rma, K\u00fclt\u00fcr-Sanat Etkinliklerinin Organizasyonu, Kariyer Geli\u015fim, Sosyal \u0130novasyon ve Giri\u015fimcilik Projeleri, Engelsiz Kamp\u00fcs Uygulamalar\u0131, Uluslararas\u0131 \u00d6\u011frenci Entegrasyon, Dijital \u0130\u00e7erik Geli\u015ftirme, \u0130dari Birim, K\u00fct\u00fcphane ve Dok\u00fcmantasyon, A\u011fa\u00e7land\u0131rma ve Peyzaj gibi faaliyetlerin desteklenmesinde g\u00f6rev alacak. Program ba\u015fvurular\u0131 10-14 \u015eubat tarihleri aras\u0131nda al\u0131nacak. Program 24 \u015eubat Pazartesi ba\u015flayacak ve 30 Haziran 2025 tarihinde sonlanacak.<br \/>\n<br \/>Programa; 18 ya\u015f\u0131n\u0131 doldurmu\u015f, T\u00fcrkiye Cumhuriyeti vatanda\u015flar\u0131, \u0130\u015eKUR\u2019a kay\u0131tl\u0131, emekli olmayan, son bir ayd\u0131r sigortal\u0131 uzun vadeli sigortaya sahip olmayan, i\u015fsizlik \u00f6dene\u011fi almayanlar, Mu\u011fla S\u0131tk\u0131 Ko\u00e7man \u00dcniversitesi \u00f6\u011frencileri ba\u015fvurabilecek. (Uzaktan e\u011fitim alan, a\u00e7\u0131k \u00f6\u011fretim okuyan \u00f6\u011frenciler ba\u015fvuru yapamayacak olup, \u00fcniversitenin aktif \u00f6\u011frencileri ba\u015fvurabilecek.) \u00d6\u011frencilerin programa kat\u0131l\u0131m durumlar\u0131na g\u00f6re, g\u00fcnl\u00fck net Bin 83 TL \u00f6deme ayda 14 g\u00fcn kat\u0131l\u0131m halinde 15 bin 162 TL ayl\u0131k \u00f6deme yap\u0131lacak. Ayr\u0131ca Genel Sa\u011fl\u0131k Sigortas\u0131, Meslek Hastal\u0131\u011f\u0131 ve \u0130\u015f Kazas\u0131 Sigorta Primleri \u00f6denecek. 10 \u015eubat tarihi itibar\u0131yla ba\u015fvurular\u0131n\u0131n al\u0131nmaya ba\u015flayaca\u011f\u0131 programlara; e-Devlet, \u0130\u015eKUR e-\u015fube, Alo 170, Mu\u011fla \u00c7al\u0131\u015fma ve \u0130\u015f Kurumu \u0130l M\u00fcd\u00fcrl\u00fc\u011f\u00fc ve \u0130\u015eKUR Hizmet Merkezleri \u00fczerinden ba\u015fvuru yap\u0131lacak. \u0130\u015eKUR Gen\u00e7lik Program\u0131 ile Mu\u011fla S\u0131tk\u0131 Ko\u00e7man \u00dcniversitesi \u00f6\u011frencileri haftal\u0131k azami olarak 3 g\u00fcn ve 22,5 saat \u00e7al\u0131\u015facak.<br \/><\/p>\n","protected":false},"excerpt":{"rendered":"<p>\u00d6\u011frencilerin mesleki geli\u015fimlerini desteklemeyi ve gelece\u011fe ilk ad\u0131m\u0131 atmalar\u0131n\u0131 sa\u011flayan, \u00f6\u011frencilerin i\u015f hayat\u0131na kat\u0131l\u0131mlar\u0131n\u0131 kolayla\u015ft\u0131rarak, mesleki deneyim kazanmalar\u0131na yard\u0131mc\u0131 olan \u2018\u0130\u015eKUR Gen\u00e7lik Program\u0131\u2019 ba\u015fvurular\u0131 10 \u015eubat tarihi itibar\u0131yla Mu\u011fla\u2019da ba\u015fl\u0131yor. Gen\u00e7ler i\u00e7in hayata ge\u00e7irilen \u0130\u015eKUR Gen\u00e7lik Program\u0131nda Devlet \u00dcniversiteleri ile i\u015f birli\u011fi i\u00e7inde \u00f6\u011frenciler i\u015f g\u00fcc\u00fc piyasas\u0131yla tan\u0131\u015ft\u0131r\u0131lacak. Mu\u011fla\u2019da, \u0130\u015eKUR ve Mu\u011fla S\u0131tk\u0131 Ko\u00e7man \u00dcniversitesi&#8230;<\/p>\n","protected":false},"author":1,"featured_media":17143,"comment_status":"open","ping_status":"open","sticky":false,"template":"","format":"standard","meta":{"_crdt_document":"","footnotes":""},"categories":[125],"tags":[],"class_list":["post-17142","post","type-post","status-publish","format-standard","has-post-thumbnail","hentry","category-ekonomi"],"_links":{"self":[{"href":"https:\/\/www.egemtv.com\/index.php?rest_route=\/wp\/v2\/posts\/17142","targetHints":{"allow":["GET"]}}],"collection":[{"href":"https:\/\/www.egemtv.com\/index.php?rest_route=\/wp\/v2\/posts"}],"about":[{"href":"https:\/\/www.egemtv.com\/index.php?rest_route=\/wp\/v2\/types\/post"}],"author":[{"embeddable":true,"href":"https:\/\/www.egemtv.com\/index.php?rest_route=\/wp\/v2\/users\/1"}],"replies":[{"embeddable":true,"href":"https:\/\/www.egemtv.com\/index.php?rest_route=%2Fwp%2Fv2%2Fcomments&post=17142"}],"version-history":[{"count":1,"href":"https:\/\/www.egemtv.com\/index.php?rest_route=\/wp\/v2\/posts\/17142\/revisions"}],"predecessor-version":[{"id":17144,"href":"https:\/\/www.egemtv.com\/index.php?rest_route=\/wp\/v2\/posts\/17142\/revisions\/17144"}],"wp:featuredmedia":[{"embeddable":true,"href":"https:\/\/www.egemtv.com\/index.php?rest_route=\/wp\/v2\/media\/17143"}],"wp:attachment":[{"href":"https:\/\/www.egemtv.com\/index.php?rest_route=%2Fwp%2Fv2%2Fmedia&parent=17142"}],"wp:term":[{"taxonomy":"category","embeddable":true,"href":"https:\/\/www.egemtv.com\/index.php?rest_route=%2Fwp%2Fv2%2Fcategories&post=17142"},{"taxonomy":"post_tag","embeddable":true,"href":"https:\/\/www.egemtv.com\/index.php?rest_route=%2Fwp%2Fv2%2Ftags&post=17142"}],"curies":[{"name":"wp","href":"https:\/\/api.w.org\/{rel}","templated":true}]}}