{"id":17139,"date":"2025-02-08T16:29:10","date_gmt":"2025-02-08T13:29:10","guid":{"rendered":"https:\/\/www.egemtv.com\/?p=17139"},"modified":"2025-02-08T16:29:18","modified_gmt":"2025-02-08T13:29:18","slug":"gumuslukte-3-bin-500-yillik-kral-yolu-gun-yuzune-cikti","status":"publish","type":"post","link":"https:\/\/www.egemtv.com\/?p=17139","title":{"rendered":"G\u00fcm\u00fc\u015fl\u00fck\u2019te 3 bin 500 y\u0131ll\u0131k Kral Yolu g\u00fcn y\u00fcz\u00fcne \u00e7\u0131kt\u0131"},"content":{"rendered":"<p>Mu\u011fla\u2019n\u0131n Bodrum il\u00e7esi G\u00fcm\u00fc\u015fl\u00fck Mahallesi\u2019nde bulunan ve Tav\u015fan Adas\u0131\u2019na kadar uzanan tarihi sur yollar\u0131, deniz \u00e7ekilince yeniden ortaya \u00e7\u0131kt\u0131. Halk aras\u0131nda \u2018Kral Yolu\u2019 olarak bilinen ve 3 bin 500 y\u0131l \u00f6nce Myndos kentine ula\u015f\u0131m\u0131 sa\u011flayan antik yol, dron ile g\u00f6r\u00fcnt\u00fclendi.<br \/>\n<br \/>Deniz seviyesinin d\u00fc\u015fmesiyle belirgin hale gelen ta\u015f d\u00f6\u015femeli yol, b\u00f6lgeye gelen yerli ve yabanc\u0131 turistlerin ilgisini \u00e7ekti. Ziyaret\u00e7iler, tarihi yolun \u00fczerinde y\u00fcr\u00fcyerek antik Myndos\u2019un izlerini ke\u015ffetti. Baz\u0131 turistler, Kral Yolu\u2019nda hat\u0131ra foto\u011fraflar\u0131 \u00e7ektirirken, b\u00f6lgenin tarihi atmosferini yak\u0131ndan deneyimleme f\u0131rsat\u0131 buldu.<br \/>\n<br \/>Tarihi yol, ge\u00e7mi\u015f d\u00f6nemlerde Myndos kentine ula\u015f\u0131mda \u00f6nemli bir g\u00fczerg\u00e2h olarak kullan\u0131lm\u0131\u015f olup, g\u00fcn\u00fcm\u00fczde arkeolojik ve turistik de\u011feriyle dikkat \u00e7ekiyor. Uzmanlar, Kral Yolu\u2019nun korunmas\u0131 ve tan\u0131t\u0131lmas\u0131 i\u00e7in fark\u0131ndal\u0131k \u00e7al\u0131\u015fmalar\u0131n\u0131n art\u0131r\u0131lmas\u0131 gerekti\u011fini belirtiyor.<br \/>\n<br \/>Kral yolunu izlemeye gelen M\u00fcjdat Sungur, &#8220;Bu b\u00f6lgede teknem vard\u0131, k\u00fcrek \u00e7ekerek bu ada etraf\u0131ndan ge\u00e7erdim. Su \u00e7ekildi\u011fi i\u00e7in bunu yapmak m\u00fcmk\u00fcn de\u011fil&#8221; diye konu\u015ftu.<br \/><\/p>\n","protected":false},"excerpt":{"rendered":"<p>Mu\u011fla\u2019n\u0131n Bodrum il\u00e7esi G\u00fcm\u00fc\u015fl\u00fck Mahallesi\u2019nde bulunan ve Tav\u015fan Adas\u0131\u2019na kadar uzanan tarihi sur yollar\u0131, deniz \u00e7ekilince yeniden ortaya \u00e7\u0131kt\u0131. Halk aras\u0131nda \u2018Kral Yolu\u2019 olarak bilinen ve 3 bin 500 y\u0131l \u00f6nce Myndos kentine ula\u015f\u0131m\u0131 sa\u011flayan antik yol, dron ile g\u00f6r\u00fcnt\u00fclendi. Deniz seviyesinin d\u00fc\u015fmesiyle belirgin hale gelen ta\u015f d\u00f6\u015femeli yol, b\u00f6lgeye gelen yerli ve yabanc\u0131 turistlerin&#8230;<\/p>\n","protected":false},"author":1,"featured_media":17140,"comment_status":"open","ping_status":"open","sticky":false,"template":"","format":"standard","meta":{"_crdt_document":"","footnotes":""},"categories":[1],"tags":[],"class_list":["post-17139","post","type-post","status-publish","format-standard","has-post-thumbnail","hentry","category-guncel"],"_links":{"self":[{"href":"https:\/\/www.egemtv.com\/index.php?rest_route=\/wp\/v2\/posts\/17139","targetHints":{"allow":["GET"]}}],"collection":[{"href":"https:\/\/www.egemtv.com\/index.php?rest_route=\/wp\/v2\/posts"}],"about":[{"href":"https:\/\/www.egemtv.com\/index.php?rest_route=\/wp\/v2\/types\/post"}],"author":[{"embeddable":true,"href":"https:\/\/www.egemtv.com\/index.php?rest_route=\/wp\/v2\/users\/1"}],"replies":[{"embeddable":true,"href":"https:\/\/www.egemtv.com\/index.php?rest_route=%2Fwp%2Fv2%2Fcomments&post=17139"}],"version-history":[{"count":1,"href":"https:\/\/www.egemtv.com\/index.php?rest_route=\/wp\/v2\/posts\/17139\/revisions"}],"predecessor-version":[{"id":17141,"href":"https:\/\/www.egemtv.com\/index.php?rest_route=\/wp\/v2\/posts\/17139\/revisions\/17141"}],"wp:featuredmedia":[{"embeddable":true,"href":"https:\/\/www.egemtv.com\/index.php?rest_route=\/wp\/v2\/media\/17140"}],"wp:attachment":[{"href":"https:\/\/www.egemtv.com\/index.php?rest_route=%2Fwp%2Fv2%2Fmedia&parent=17139"}],"wp:term":[{"taxonomy":"category","embeddable":true,"href":"https:\/\/www.egemtv.com\/index.php?rest_route=%2Fwp%2Fv2%2Fcategories&post=17139"},{"taxonomy":"post_tag","embeddable":true,"href":"https:\/\/www.egemtv.com\/index.php?rest_route=%2Fwp%2Fv2%2Ftags&post=17139"}],"curies":[{"name":"wp","href":"https:\/\/api.w.org\/{rel}","templated":true}]}}