{"id":17136,"date":"2025-02-08T15:56:30","date_gmt":"2025-02-08T12:56:30","guid":{"rendered":"https:\/\/www.egemtv.com\/?p=17136"},"modified":"2025-02-08T15:56:35","modified_gmt":"2025-02-08T12:56:35","slug":"milasta-orman-yangini","status":"publish","type":"post","link":"https:\/\/www.egemtv.com\/?p=17136","title":{"rendered":"Milas\u2019ta orman yang\u0131n\u0131"},"content":{"rendered":"<p>Mu\u011fla\u2019n\u0131n Milas il\u00e7esinde meydana gelen orman yang\u0131na ekiplerin m\u00fcdahalesi s\u00fcr\u00fcyor.<br \/>\n<br \/>Yang\u0131n, Mente\u015f Mahallesi Yusufca Mevkiinde meydana geldi. Edinilen bilgiye g\u00f6re, b\u00f6lgeden alevlerin y\u00fckseldi\u011fini fark eden vatanda\u015flar durumu 112 Acil \u00c7a\u011fr\u0131 Merkezi\u2019ne bildirdi. \u0130hbar \u00fczerine b\u00f6lgeye Mu\u011fla Orman B\u00f6lge M\u00fcd\u00fcrl\u00fc\u011f\u00fc ve Mu\u011fla B\u00fcy\u00fck\u015fehir Belediyesi \u0130tfaiye Daire Ba\u015fkanl\u0131\u011f\u0131 ekipleri sevk edildi. K\u0131sa s\u00fcrede olay yerine gelen ekipler alevleri kontrol alt\u0131na almak i\u00e7in \u00e7al\u0131\u015fma ba\u015flatt\u0131.<br \/><\/p>\n","protected":false},"excerpt":{"rendered":"<p>Mu\u011fla\u2019n\u0131n Milas il\u00e7esinde meydana gelen orman yang\u0131na ekiplerin m\u00fcdahalesi s\u00fcr\u00fcyor. Yang\u0131n, Mente\u015f Mahallesi Yusufca Mevkiinde meydana geldi. Edinilen bilgiye g\u00f6re, b\u00f6lgeden alevlerin y\u00fckseldi\u011fini fark eden vatanda\u015flar durumu 112 Acil \u00c7a\u011fr\u0131 Merkezi\u2019ne bildirdi. \u0130hbar \u00fczerine b\u00f6lgeye Mu\u011fla Orman B\u00f6lge M\u00fcd\u00fcrl\u00fc\u011f\u00fc ve Mu\u011fla B\u00fcy\u00fck\u015fehir Belediyesi \u0130tfaiye Daire Ba\u015fkanl\u0131\u011f\u0131 ekipleri sevk edildi. K\u0131sa s\u00fcrede olay yerine gelen ekipler&#8230;<\/p>\n","protected":false},"author":1,"featured_media":17137,"comment_status":"open","ping_status":"open","sticky":false,"template":"","format":"standard","meta":{"_crdt_document":"","footnotes":""},"categories":[5],"tags":[],"class_list":["post-17136","post","type-post","status-publish","format-standard","has-post-thumbnail","hentry","category-asayis"],"_links":{"self":[{"href":"https:\/\/www.egemtv.com\/index.php?rest_route=\/wp\/v2\/posts\/17136","targetHints":{"allow":["GET"]}}],"collection":[{"href":"https:\/\/www.egemtv.com\/index.php?rest_route=\/wp\/v2\/posts"}],"about":[{"href":"https:\/\/www.egemtv.com\/index.php?rest_route=\/wp\/v2\/types\/post"}],"author":[{"embeddable":true,"href":"https:\/\/www.egemtv.com\/index.php?rest_route=\/wp\/v2\/users\/1"}],"replies":[{"embeddable":true,"href":"https:\/\/www.egemtv.com\/index.php?rest_route=%2Fwp%2Fv2%2Fcomments&post=17136"}],"version-history":[{"count":1,"href":"https:\/\/www.egemtv.com\/index.php?rest_route=\/wp\/v2\/posts\/17136\/revisions"}],"predecessor-version":[{"id":17138,"href":"https:\/\/www.egemtv.com\/index.php?rest_route=\/wp\/v2\/posts\/17136\/revisions\/17138"}],"wp:featuredmedia":[{"embeddable":true,"href":"https:\/\/www.egemtv.com\/index.php?rest_route=\/wp\/v2\/media\/17137"}],"wp:attachment":[{"href":"https:\/\/www.egemtv.com\/index.php?rest_route=%2Fwp%2Fv2%2Fmedia&parent=17136"}],"wp:term":[{"taxonomy":"category","embeddable":true,"href":"https:\/\/www.egemtv.com\/index.php?rest_route=%2Fwp%2Fv2%2Fcategories&post=17136"},{"taxonomy":"post_tag","embeddable":true,"href":"https:\/\/www.egemtv.com\/index.php?rest_route=%2Fwp%2Fv2%2Ftags&post=17136"}],"curies":[{"name":"wp","href":"https:\/\/api.w.org\/{rel}","templated":true}]}}