{"id":17133,"date":"2025-02-08T15:13:27","date_gmt":"2025-02-08T12:13:27","guid":{"rendered":"https:\/\/www.egemtv.com\/?p=17133"},"modified":"2025-02-08T15:13:32","modified_gmt":"2025-02-08T12:13:32","slug":"salihli-kizilayda-cuneyt-musal-guven-tazeledi","status":"publish","type":"post","link":"https:\/\/www.egemtv.com\/?p=17133","title":{"rendered":"Salihli K\u0131z\u0131lay\u2019da C\u00fcneyt Musal g\u00fcven tazeledi"},"content":{"rendered":"<p>T\u00fcrkiye K\u0131z\u0131lay Derne\u011fi Salihli \u015eubesi Genel Kurulu\u2019nda Ba\u015fkan Ahmet C\u00fcneyt Musal \u00fcyelerin g\u00fcven oyunu alarak yeniden se\u00e7ildi.<br \/>\n<br \/>T\u00fcrkiye K\u0131z\u0131lay Derne\u011fi Salihli \u015eubesi, 2025 y\u0131l\u0131 genel kurulunu Salihli Ticaret ve Sanayi Odas\u0131 Sardes Konferans Salonu\u2019nda ger\u00e7ekle\u015ftirdi. Sayg\u0131 duru\u015funda bulunulmas\u0131 ve \u0130stiklal Mar\u015f\u0131n\u0131n okunmas\u0131yla ba\u015flayan genel kurulun divan ba\u015fkanl\u0131\u011f\u0131n\u0131 Salihli Belediye Ba\u015fkan Yard\u0131mc\u0131s\u0131 A. Yavuz \u00d6zdem yapt\u0131. Genel kurulda tek liste ile gidilen se\u00e7imde oylar\u0131n tamam\u0131n\u0131 alan Ahmet C\u00fcneyt Musal, yeniden T\u00fcrkiye K\u0131z\u0131lay Derne\u011fi Salihli \u015eubesinin ba\u015fkan\u0131 se\u00e7ildi. G\u00fcndem maddelerinin tek tek g\u00f6r\u00fc\u015f\u00fcl\u00fcp karara ba\u011fland\u0131\u011f\u0131 genel kurulda konu\u015fan Musal, Salihli K\u0131z\u0131lay olarak iyili\u011fi b\u00fcy\u00fctmeye devam ettiklerini s\u00f6yledi. T\u00fcrkiye K\u0131z\u0131lay Derne\u011fi Salihli \u015eubesi olarak ihtiya\u00e7 sahiplerinin umudu olduklar\u0131n\u0131, bundan sonrada olmaya devam edeceklerini belirten Ba\u015fkan Musal &#8220;Salihli K\u0131z\u0131lay olarak Ramazan Ay\u0131\u2019nda Milli Birlik ve Demokrasi Meydan\u0131\u2019nda iftar \u00e7ad\u0131r\u0131 kuraca\u011f\u0131z. G\u00fcnl\u00fck 300 ki\u015fiye iftar verecek olan \u00e7ad\u0131r\u0131m\u0131z\u0131 her y\u0131l kurup, bunu geleneksel hale getirmek istiyoruz. Ayr\u0131ca Salihli\u2019ye sabit kan merkezi birimi kazand\u0131raca\u011f\u0131z&#8221; dedi.<br \/>\n<br \/>T\u00fcrk K\u0131z\u0131lay Manisa \u0130l Ba\u015fkan\u0131 \u00d6ner G\u00fcrsel ise genel kurulun, Salihli ve Manisa ba\u015fta olmak \u00fczere yard\u0131m elinin ula\u015ft\u0131\u011f\u0131 t\u00fcm co\u011frafyalara hay\u0131rl\u0131 olmas\u0131n\u0131 temenni etti.<br \/>\n<br \/>Ahmet C\u00fcneyt Musal ba\u015fkanl\u0131\u011f\u0131ndaki T\u00fcrkiye K\u0131z\u0131lay Derne\u011fi Salihli \u015eube Y\u00f6netimi Mehmet Kocab\u0131y\u0131k, U\u011fur \u0130brahim \u00d6z\u00e7elik, Ali R\u0131za \u00dcnveren, Ayfer Kayhan, Hilal Ayy\u0131ld\u0131z ve Hasan Soy\u2019dan olu\u015furken, \u015fube denet\u00e7ili\u011fine ise Bayram Alta\u015f getirildi.<br \/>\n<br \/>Genel kurulda il merkez delegesi olarak Mehmet Kocab\u0131y\u0131k, U\u011fur \u0130brahim \u00d6z\u00e7elik, Ali R\u0131za \u00dcnveren, Hasan Soy ve Ayfer Kayhan se\u00e7ilirken genel merkez delegesi olarak Ahmet C\u00fcneyt Musal, Mehmet Kocab\u0131y\u0131k, U\u011fur \u0130brahim \u00d6z\u00e7elik ve Hasan Soy se\u00e7ildi.<br \/>\n<br \/>Ola\u011fan genel kurula Salihli Belediye Ba\u015fkan Yard\u0131mc\u0131lar\u0131 A. Yavuz \u00d6zdem ve Selim Akb\u0131y\u0131ko\u011flu T\u00fcrk K\u0131z\u0131lay Manisa \u0130l Ba\u015fkan\u0131 \u00d6ner G\u00fcrsel, M\u00fcft\u00fc Ali \u00c7ebi ile \u00e7evre il\u00e7e ba\u015fkanlar\u0131 ve K\u0131z\u0131lay \u00fcyeleri kat\u0131ld\u0131.<br \/><\/p>\n","protected":false},"excerpt":{"rendered":"<p>T\u00fcrkiye K\u0131z\u0131lay Derne\u011fi Salihli \u015eubesi Genel Kurulu\u2019nda Ba\u015fkan Ahmet C\u00fcneyt Musal \u00fcyelerin g\u00fcven oyunu alarak yeniden se\u00e7ildi. T\u00fcrkiye K\u0131z\u0131lay Derne\u011fi Salihli \u015eubesi, 2025 y\u0131l\u0131 genel kurulunu Salihli Ticaret ve Sanayi Odas\u0131 Sardes Konferans Salonu\u2019nda ger\u00e7ekle\u015ftirdi. Sayg\u0131 duru\u015funda bulunulmas\u0131 ve \u0130stiklal Mar\u015f\u0131n\u0131n okunmas\u0131yla ba\u015flayan genel kurulun divan ba\u015fkanl\u0131\u011f\u0131n\u0131 Salihli Belediye Ba\u015fkan Yard\u0131mc\u0131s\u0131 A. Yavuz \u00d6zdem yapt\u0131&#8230;.<\/p>\n","protected":false},"author":1,"featured_media":17134,"comment_status":"open","ping_status":"open","sticky":false,"template":"","format":"standard","meta":{"_crdt_document":"","footnotes":""},"categories":[123],"tags":[],"class_list":["post-17133","post","type-post","status-publish","format-standard","has-post-thumbnail","hentry","category-gundem"],"_links":{"self":[{"href":"https:\/\/www.egemtv.com\/index.php?rest_route=\/wp\/v2\/posts\/17133","targetHints":{"allow":["GET"]}}],"collection":[{"href":"https:\/\/www.egemtv.com\/index.php?rest_route=\/wp\/v2\/posts"}],"about":[{"href":"https:\/\/www.egemtv.com\/index.php?rest_route=\/wp\/v2\/types\/post"}],"author":[{"embeddable":true,"href":"https:\/\/www.egemtv.com\/index.php?rest_route=\/wp\/v2\/users\/1"}],"replies":[{"embeddable":true,"href":"https:\/\/www.egemtv.com\/index.php?rest_route=%2Fwp%2Fv2%2Fcomments&post=17133"}],"version-history":[{"count":1,"href":"https:\/\/www.egemtv.com\/index.php?rest_route=\/wp\/v2\/posts\/17133\/revisions"}],"predecessor-version":[{"id":17135,"href":"https:\/\/www.egemtv.com\/index.php?rest_route=\/wp\/v2\/posts\/17133\/revisions\/17135"}],"wp:featuredmedia":[{"embeddable":true,"href":"https:\/\/www.egemtv.com\/index.php?rest_route=\/wp\/v2\/media\/17134"}],"wp:attachment":[{"href":"https:\/\/www.egemtv.com\/index.php?rest_route=%2Fwp%2Fv2%2Fmedia&parent=17133"}],"wp:term":[{"taxonomy":"category","embeddable":true,"href":"https:\/\/www.egemtv.com\/index.php?rest_route=%2Fwp%2Fv2%2Fcategories&post=17133"},{"taxonomy":"post_tag","embeddable":true,"href":"https:\/\/www.egemtv.com\/index.php?rest_route=%2Fwp%2Fv2%2Ftags&post=17133"}],"curies":[{"name":"wp","href":"https:\/\/api.w.org\/{rel}","templated":true}]}}