{"id":17127,"date":"2025-02-08T15:04:12","date_gmt":"2025-02-08T12:04:12","guid":{"rendered":"https:\/\/www.egemtv.com\/?p=17127"},"modified":"2025-02-08T15:04:17","modified_gmt":"2025-02-08T12:04:17","slug":"cinede-jandarma-personeline-yangin-onleme-ve-sondurme-egitimi-verildi","status":"publish","type":"post","link":"https:\/\/www.egemtv.com\/?p=17127","title":{"rendered":"\u00c7ine\u2019de jandarma personeline yang\u0131n \u00f6nleme ve s\u00f6nd\u00fcrme e\u011fitimi verildi"},"content":{"rendered":"<p>Ayd\u0131n\u2019\u0131n \u00c7ine il\u00e7esinde, jandarma personeline yang\u0131n \u00f6nleme ve yang\u0131n s\u00f6nd\u00fcrme konusunda e\u011fitim verildi.<\/p>\n<p>\u00c7ine Orman \u0130\u015fletme \u015eefi G\u00f6khan \u00d6nal taraf\u0131ndan \u00c7ine \u0130l\u00e7e Jandarma Komutanl\u0131\u011f\u0131\u2019nda d\u00fczenlenen e\u011fitim komutanl\u0131kta g\u00f6revli personelin kat\u0131l\u0131m\u0131yla ger\u00e7ekle\u015fti. E\u011fitimde, orman yang\u0131nlar\u0131na m\u00fcdahale y\u00f6ntemleri, yang\u0131n g\u00fcvenli\u011fi, ekipman kullan\u0131m\u0131 ve yang\u0131n \u00f6ncesi al\u0131nmas\u0131 gereken tedbirler hakk\u0131nda detayl\u0131 bilgiler verildi. \u00d6te yandan ekipman kullan\u0131m\u0131yla ilgili pratik bilgilerin de verildi\u011fi e\u011fitimde, jandarma personelinin saha \u015fartlar\u0131nda nas\u0131l hareket etmesi gerekti\u011fi anlat\u0131ld\u0131. Jandarma personelinin yang\u0131n olaylar\u0131na kar\u015f\u0131 daha haz\u0131rl\u0131kl\u0131 ve etkin bir \u015fekilde m\u00fcdahale etmesine yard\u0131mc\u0131 olman\u0131n yan\u0131 s\u0131ra, g\u00fcvenli \u00e7al\u0131\u015fma ortamlar\u0131n\u0131n olu\u015fturulmas\u0131na da katk\u0131 sa\u011flayan e\u011fitimlerin yaz d\u00f6nemi \u00f6ncesinde muhtemel orman yang\u0131nlar\u0131 ile ilgili kritik bir \u00f6nleme sahip oldu\u011fu kaydedildi. E\u011fitim sonunda jandarma personeli \u00d6nal\u2019a verdi\u011fi bilgilerden dolay\u0131 te\u015fekk\u00fcr etti.<br \/><\/p>\n","protected":false},"excerpt":{"rendered":"<p>Ayd\u0131n\u2019\u0131n \u00c7ine il\u00e7esinde, jandarma personeline yang\u0131n \u00f6nleme ve yang\u0131n s\u00f6nd\u00fcrme konusunda e\u011fitim verildi. \u00c7ine Orman \u0130\u015fletme \u015eefi G\u00f6khan \u00d6nal taraf\u0131ndan \u00c7ine \u0130l\u00e7e Jandarma Komutanl\u0131\u011f\u0131\u2019nda d\u00fczenlenen e\u011fitim komutanl\u0131kta g\u00f6revli personelin kat\u0131l\u0131m\u0131yla ger\u00e7ekle\u015fti. E\u011fitimde, orman yang\u0131nlar\u0131na m\u00fcdahale y\u00f6ntemleri, yang\u0131n g\u00fcvenli\u011fi, ekipman kullan\u0131m\u0131 ve yang\u0131n \u00f6ncesi al\u0131nmas\u0131 gereken tedbirler hakk\u0131nda detayl\u0131 bilgiler verildi. \u00d6te yandan ekipman kullan\u0131m\u0131yla ilgili&#8230;<\/p>\n","protected":false},"author":1,"featured_media":17128,"comment_status":"open","ping_status":"open","sticky":false,"template":"","format":"standard","meta":{"_crdt_document":"","footnotes":""},"categories":[1],"tags":[],"class_list":["post-17127","post","type-post","status-publish","format-standard","has-post-thumbnail","hentry","category-guncel"],"_links":{"self":[{"href":"https:\/\/www.egemtv.com\/index.php?rest_route=\/wp\/v2\/posts\/17127","targetHints":{"allow":["GET"]}}],"collection":[{"href":"https:\/\/www.egemtv.com\/index.php?rest_route=\/wp\/v2\/posts"}],"about":[{"href":"https:\/\/www.egemtv.com\/index.php?rest_route=\/wp\/v2\/types\/post"}],"author":[{"embeddable":true,"href":"https:\/\/www.egemtv.com\/index.php?rest_route=\/wp\/v2\/users\/1"}],"replies":[{"embeddable":true,"href":"https:\/\/www.egemtv.com\/index.php?rest_route=%2Fwp%2Fv2%2Fcomments&post=17127"}],"version-history":[{"count":1,"href":"https:\/\/www.egemtv.com\/index.php?rest_route=\/wp\/v2\/posts\/17127\/revisions"}],"predecessor-version":[{"id":17129,"href":"https:\/\/www.egemtv.com\/index.php?rest_route=\/wp\/v2\/posts\/17127\/revisions\/17129"}],"wp:featuredmedia":[{"embeddable":true,"href":"https:\/\/www.egemtv.com\/index.php?rest_route=\/wp\/v2\/media\/17128"}],"wp:attachment":[{"href":"https:\/\/www.egemtv.com\/index.php?rest_route=%2Fwp%2Fv2%2Fmedia&parent=17127"}],"wp:term":[{"taxonomy":"category","embeddable":true,"href":"https:\/\/www.egemtv.com\/index.php?rest_route=%2Fwp%2Fv2%2Fcategories&post=17127"},{"taxonomy":"post_tag","embeddable":true,"href":"https:\/\/www.egemtv.com\/index.php?rest_route=%2Fwp%2Fv2%2Ftags&post=17127"}],"curies":[{"name":"wp","href":"https:\/\/api.w.org\/{rel}","templated":true}]}}