{"id":17124,"date":"2025-02-08T14:43:37","date_gmt":"2025-02-08T11:43:37","guid":{"rendered":"https:\/\/www.egemtv.com\/?p=17124"},"modified":"2025-02-08T14:43:41","modified_gmt":"2025-02-08T11:43:41","slug":"nazillide-12-yil-kesinlesmis-hapis-cezasi-bulunan-sahis-yakalandi","status":"publish","type":"post","link":"https:\/\/www.egemtv.com\/?p=17124","title":{"rendered":"Nazilli\u2019de 12 y\u0131l kesinle\u015fmi\u015f hapis cezas\u0131 bulunan \u015fah\u0131s yakaland\u0131"},"content":{"rendered":"<p>Ayd\u0131n\u2019\u0131n Nazilli il\u00e7esinde 4 ayr\u0131 dosyadan hakk\u0131nda 12 y\u0131l kesinle\u015fmi\u015f hapis cezas\u0131 bulunan \u015fah\u0131s polis ekiplerinin ger\u00e7ekle\u015ftirdi\u011fi operasyon ile k\u0131sk\u0131vrak yakaland\u0131.<br \/>\n<br \/>Ayd\u0131n\u2019da polis ekipleri vatanda\u015flar\u0131n huzur ve g\u00fcvenli\u011finin sa\u011flanmas\u0131 i\u00e7in \u00e7al\u0131\u015fmalar\u0131n\u0131 aral\u0131ks\u0131z s\u00fcrd\u00fcr\u00fcrken, aranan \u015fah\u0131slara da g\u00f6z a\u00e7t\u0131r\u0131lm\u0131yor. Edinilen bilgiye g\u00f6re, 2\u2019\u015fer adet evi terk eden \u00e7ocu\u011fu, ailesi veya yetkili makamlar\u0131 durumdan haberdar etmeksizin yan\u0131nda tutmak ile cebir tehdit veya hile kullanarak ki\u015fiyi h\u00fcrriyetinden yoksun k\u0131lma su\u00e7lar\u0131ndan hakk\u0131nda toplamda 12 y\u0131l kesinle\u015fmi\u015f hapis cezas\u0131 bulunan Y.\u00c7. (74) ger\u00e7ekle\u015ftirilen operasyon ile yakaland\u0131. Y.\u00c7. emniyetteki i\u015flemlerin ard\u0131ndan sevk edildi\u011fi adli makamlarca tutuklanarak ceazevine g\u00f6nderildi.<br \/><\/p>\n","protected":false},"excerpt":{"rendered":"<p>Ayd\u0131n\u2019\u0131n Nazilli il\u00e7esinde 4 ayr\u0131 dosyadan hakk\u0131nda 12 y\u0131l kesinle\u015fmi\u015f hapis cezas\u0131 bulunan \u015fah\u0131s polis ekiplerinin ger\u00e7ekle\u015ftirdi\u011fi operasyon ile k\u0131sk\u0131vrak yakaland\u0131. Ayd\u0131n\u2019da polis ekipleri vatanda\u015flar\u0131n huzur ve g\u00fcvenli\u011finin sa\u011flanmas\u0131 i\u00e7in \u00e7al\u0131\u015fmalar\u0131n\u0131 aral\u0131ks\u0131z s\u00fcrd\u00fcr\u00fcrken, aranan \u015fah\u0131slara da g\u00f6z a\u00e7t\u0131r\u0131lm\u0131yor. Edinilen bilgiye g\u00f6re, 2\u2019\u015fer adet evi terk eden \u00e7ocu\u011fu, ailesi veya yetkili makamlar\u0131 durumdan haberdar etmeksizin yan\u0131nda&#8230;<\/p>\n","protected":false},"author":1,"featured_media":17125,"comment_status":"open","ping_status":"open","sticky":false,"template":"","format":"standard","meta":{"_crdt_document":"","footnotes":""},"categories":[5],"tags":[],"class_list":["post-17124","post","type-post","status-publish","format-standard","has-post-thumbnail","hentry","category-asayis"],"_links":{"self":[{"href":"https:\/\/www.egemtv.com\/index.php?rest_route=\/wp\/v2\/posts\/17124","targetHints":{"allow":["GET"]}}],"collection":[{"href":"https:\/\/www.egemtv.com\/index.php?rest_route=\/wp\/v2\/posts"}],"about":[{"href":"https:\/\/www.egemtv.com\/index.php?rest_route=\/wp\/v2\/types\/post"}],"author":[{"embeddable":true,"href":"https:\/\/www.egemtv.com\/index.php?rest_route=\/wp\/v2\/users\/1"}],"replies":[{"embeddable":true,"href":"https:\/\/www.egemtv.com\/index.php?rest_route=%2Fwp%2Fv2%2Fcomments&post=17124"}],"version-history":[{"count":1,"href":"https:\/\/www.egemtv.com\/index.php?rest_route=\/wp\/v2\/posts\/17124\/revisions"}],"predecessor-version":[{"id":17126,"href":"https:\/\/www.egemtv.com\/index.php?rest_route=\/wp\/v2\/posts\/17124\/revisions\/17126"}],"wp:featuredmedia":[{"embeddable":true,"href":"https:\/\/www.egemtv.com\/index.php?rest_route=\/wp\/v2\/media\/17125"}],"wp:attachment":[{"href":"https:\/\/www.egemtv.com\/index.php?rest_route=%2Fwp%2Fv2%2Fmedia&parent=17124"}],"wp:term":[{"taxonomy":"category","embeddable":true,"href":"https:\/\/www.egemtv.com\/index.php?rest_route=%2Fwp%2Fv2%2Fcategories&post=17124"},{"taxonomy":"post_tag","embeddable":true,"href":"https:\/\/www.egemtv.com\/index.php?rest_route=%2Fwp%2Fv2%2Ftags&post=17124"}],"curies":[{"name":"wp","href":"https:\/\/api.w.org\/{rel}","templated":true}]}}