{"id":17121,"date":"2025-02-08T14:36:36","date_gmt":"2025-02-08T11:36:36","guid":{"rendered":"https:\/\/www.egemtv.com\/?p=17121"},"modified":"2025-02-08T14:36:42","modified_gmt":"2025-02-08T11:36:42","slug":"baskan-aras-hatay-ve-malatyada-depremzedeler-ile-bir-araya-geldi","status":"publish","type":"post","link":"https:\/\/www.egemtv.com\/?p=17121","title":{"rendered":"Ba\u015fkan Aras, Hatay ve Malatya\u2019da depremzedeler ile bir araya geldi"},"content":{"rendered":"<p>Mu\u011fla B\u00fcy\u00fck\u015fehir Belediyesi, 6 \u015eubat depremlerinin ikinci y\u0131ld\u00f6n\u00fcm\u00fcnde afetzedeleri unutmad\u0131. B\u00f6lgeye giden belediye ekipleri,  dayan\u0131\u015fma amac\u0131yla, \u00e7ocuklar i\u00e7in oyun etkinlikleri, hediye da\u011f\u0131t\u0131m\u0131 ve mevlit yeme\u011fi d\u00fczenleyerek depremzedelere destek oldu.<br \/>\n<br \/>6 \u015eubat 2023\u2019te Kahramanmara\u015f\u2019\u0131n Pazarc\u0131k ve Elbistan il\u00e7elerinde meydana gelen ve 11 ili etkileyen depremin \u00fczerinden iki y\u0131l ge\u00e7ti. Depremin ilk g\u00fcn\u00fcnden itibaren b\u00f6lgede desteklerini s\u00fcrd\u00fcren Mu\u011fla B\u00fcy\u00fck\u015fehir Belediyesi, arama kurtarma ve insani yard\u0131m faaliyetlerini s\u00fcrd\u00fcrerek depremzedelerin yan\u0131nda oldu.<br \/>\n<br \/>Mu\u011fla B\u00fcy\u00fck\u015fehir Belediye Ba\u015fkan\u0131 Ahmet Aras, depremin en \u00e7ok etkiledi\u011fi illerden Hatay ve Malatya\u2019da depremzedeleri ziyaret ederek dayan\u0131\u015fma mesaj\u0131 verdi. Ba\u015fkan Aras, depremde hayat\u0131n\u0131 kaybeden vatanda\u015flar\u0131n da kabirlerini ziyaret ederek \u00e7i\u00e7ek b\u0131rakt\u0131 ve dua etti.<br \/>\n<br \/>B\u00fcy\u00fck\u015fehir Belediyesi, Hatay\u2019\u0131n Arsuz il\u00e7esinde 6 \u015eubat\u2019ta hayat\u0131n\u0131 kaybeden vatanda\u015flar an\u0131s\u0131na yakla\u015f\u0131k bin, Hatay\u2019\u0131n Defne il\u00e7esinde ise yakla\u015f\u0131k be\u015f bin ki\u015filik mevlit yeme\u011fi d\u00fczenledi. \u00c7ocuklar\u0131 unutmayan B\u00fcy\u00fck\u015fehir Belediyesi oyun etkinlikleri ve hediye da\u011f\u0131t\u0131m\u0131 da yapt\u0131.<br \/>\n<br \/>Mu\u011fla B\u00fcy\u00fck\u015fehir Belediye Ba\u015fkan\u0131 Ahmet Aras, Bodrum Belediyesi Ba\u015fkanl\u0131\u011f\u0131 d\u00f6neminde Hatay\u2019\u0131n Arsuz il\u00e7esinde kurdu\u011fu konteyner kenti ziyaret etti. \u0130lk etapta 12 a\u015feviyle ba\u015flayan destek, zamanla eklenen \u00e7ad\u0131r ve tesislerle geni\u015fletilerek konteyner kent haline getirildi.<br \/>\n<br \/>Mu\u011fla B\u00fcy\u00fck\u015fehir Belediye Ba\u015fkan\u0131 Ahmet Aras, ziyareti s\u0131ras\u0131nda depremzedelerle bir araya gelerek onlar\u0131n taleplerini dinledi ve yerinde incelemelerde bulundu. Konteyner kentte bar\u0131nma, g\u0131da ve sa\u011fl\u0131k hizmetlerinin s\u00fcrd\u00fc\u011f\u00fcn\u00fc belirten Aras, &#8220;Arsuz\u2019da \u00e7al\u0131\u015fmalar\u0131m\u0131za ba\u015flad\u0131k. Arsuz\u2019da biz 2023\u2019\u00fcn 7 \u015eubat\u2019\u0131nda ilk bulunmu\u015ftuk ve orada bir konteyner kente giden bir s\u00fcre\u00e7 oldu. \u0130lk gitti\u011fimizde \u00f6ncelikle vatanda\u015flar\u0131m\u0131za arama kurtarma deste\u011fi vermi\u015ftik. Sonra arkas\u0131ndan insani yard\u0131mlara devam ettik. O d\u00f6nem herkesin b\u00fcy\u00fck bir tevecc\u00fch\u00fcyle beraber herkes di\u015finden, t\u0131rna\u011f\u0131ndan artt\u0131rd\u0131\u011f\u0131 her \u015feyi g\u00f6nderdi ve \u00e7ok b\u00fcy\u00fck bir destek sa\u011flam\u0131\u015ft\u0131k o d\u00f6nem. Sonra o konteyner kente d\u00f6n\u00fc\u015ft\u00fc ve bug\u00fcn konteyner kentimizde yakla\u015f\u0131k 1500 ki\u015filik bir alan olu\u015fturduk. Ayn\u0131 zamanda Malatya\u2019da gitmi\u015ftik o zaman. Malatya\u2019da da yine hem bir a\u015f evi hem arkas\u0131ndan konteyner deste\u011fimiz olmu\u015ftu. Yani yakla\u015f\u0131k 40 konteynerlik yeni bir destek sa\u011flam\u0131\u015ft\u0131k o b\u00f6lgeye de. \u0130ki y\u0131l sonra biz tekrar geldi\u011fimizde, hem Arsuz\u2019dan hem yine Hatay\u2019dan b\u00fct\u00fcn karde\u015flerimizle, dostlar\u0131m\u0131zla burada tekrar kucakla\u015ft\u0131k. A\u015f\u0131m\u0131z\u0131 payla\u015ft\u0131k, dualar\u0131m\u0131z\u0131 payla\u015ft\u0131k. Allah bir daha b\u00f6yle ac\u0131lar\u0131 milletimize, vatan\u0131m\u0131za g\u00f6stermesin. Hep birlikte iki y\u0131l \u00f6nce kaybetti\u011fimiz canlar\u0131m\u0131z\u0131 and\u0131k&#8221; dedi.<br \/>\n<br \/>Hatay Arsuz\u2019da konteyner kentte kalan Aylin K\u00f6se, &#8220;\u00c7ok te\u015fekk\u00fcr ediyoruz Mu\u011fla ekibine. Her \u015fekilde, her konuda bize destek \u00e7\u0131kt\u0131lar diye, bug\u00fcn\u00fcm\u00fcze destek oldular diye. Enkazlar\u0131n alt\u0131ndan \u00e7\u0131kt\u0131k, evlerimiz, her \u015feylerimiz gitti. Konteyner kentte ya\u015famakta olmam\u0131za ra\u011fmen bize bu deste\u011fi verdi\u011finiz i\u00e7in sizlere \u00e7ok te\u015fekk\u00fcr ediyoruz&#8221; dedi.<br \/>\n<br \/>Depremzede \u00e7ocuk Hibada Suki, &#8220;Sizin sayenizde b\u00fct\u00fcn \u00e7ocuklar mutlu oldu. Evet bazen k\u00f6t\u00fc anlar ya\u015fad\u0131k ama onlar\u0131 siz unutturdunuz bize. Eme\u011finize sa\u011fl\u0131k, te\u015fekk\u00fcr ederim&#8221; dedi.<br \/><\/p>\n","protected":false},"excerpt":{"rendered":"<p>Mu\u011fla B\u00fcy\u00fck\u015fehir Belediyesi, 6 \u015eubat depremlerinin ikinci y\u0131ld\u00f6n\u00fcm\u00fcnde afetzedeleri unutmad\u0131. B\u00f6lgeye giden belediye ekipleri, dayan\u0131\u015fma amac\u0131yla, \u00e7ocuklar i\u00e7in oyun etkinlikleri, hediye da\u011f\u0131t\u0131m\u0131 ve mevlit yeme\u011fi d\u00fczenleyerek depremzedelere destek oldu. 6 \u015eubat 2023\u2019te Kahramanmara\u015f\u2019\u0131n Pazarc\u0131k ve Elbistan il\u00e7elerinde meydana gelen ve 11 ili etkileyen depremin \u00fczerinden iki y\u0131l ge\u00e7ti. Depremin ilk g\u00fcn\u00fcnden itibaren b\u00f6lgede desteklerini s\u00fcrd\u00fcren&#8230;<\/p>\n","protected":false},"author":1,"featured_media":17122,"comment_status":"open","ping_status":"open","sticky":false,"template":"","format":"standard","meta":{"_crdt_document":"","footnotes":""},"categories":[123],"tags":[],"class_list":["post-17121","post","type-post","status-publish","format-standard","has-post-thumbnail","hentry","category-gundem"],"_links":{"self":[{"href":"https:\/\/www.egemtv.com\/index.php?rest_route=\/wp\/v2\/posts\/17121","targetHints":{"allow":["GET"]}}],"collection":[{"href":"https:\/\/www.egemtv.com\/index.php?rest_route=\/wp\/v2\/posts"}],"about":[{"href":"https:\/\/www.egemtv.com\/index.php?rest_route=\/wp\/v2\/types\/post"}],"author":[{"embeddable":true,"href":"https:\/\/www.egemtv.com\/index.php?rest_route=\/wp\/v2\/users\/1"}],"replies":[{"embeddable":true,"href":"https:\/\/www.egemtv.com\/index.php?rest_route=%2Fwp%2Fv2%2Fcomments&post=17121"}],"version-history":[{"count":1,"href":"https:\/\/www.egemtv.com\/index.php?rest_route=\/wp\/v2\/posts\/17121\/revisions"}],"predecessor-version":[{"id":17123,"href":"https:\/\/www.egemtv.com\/index.php?rest_route=\/wp\/v2\/posts\/17121\/revisions\/17123"}],"wp:featuredmedia":[{"embeddable":true,"href":"https:\/\/www.egemtv.com\/index.php?rest_route=\/wp\/v2\/media\/17122"}],"wp:attachment":[{"href":"https:\/\/www.egemtv.com\/index.php?rest_route=%2Fwp%2Fv2%2Fmedia&parent=17121"}],"wp:term":[{"taxonomy":"category","embeddable":true,"href":"https:\/\/www.egemtv.com\/index.php?rest_route=%2Fwp%2Fv2%2Fcategories&post=17121"},{"taxonomy":"post_tag","embeddable":true,"href":"https:\/\/www.egemtv.com\/index.php?rest_route=%2Fwp%2Fv2%2Ftags&post=17121"}],"curies":[{"name":"wp","href":"https:\/\/api.w.org\/{rel}","templated":true}]}}