{"id":17118,"date":"2025-02-08T14:14:13","date_gmt":"2025-02-08T11:14:13","guid":{"rendered":"https:\/\/www.egemtv.com\/?p=17118"},"modified":"2025-02-08T14:14:18","modified_gmt":"2025-02-08T11:14:18","slug":"vanin-120-cocuk-kahramani","status":"publish","type":"post","link":"https:\/\/www.egemtv.com\/?p=17118","title":{"rendered":"Van\u2019\u0131n 120 \u00e7ocuk kahraman\u0131"},"content":{"rendered":"<p>1\u2019inci D\u00fcnya Sava\u015f\u0131 s\u0131ras\u0131nda \u0130ran\u2019\u0131n Hoy Cephesi\u2019ndeki T\u00fcrk askerlerine cephane ta\u015f\u0131rken d\u00f6n\u00fc\u015f yolunda \u015fehit d\u00fc\u015fen \u2018120 kahraman \u00e7ocuk\u2019 \u00fczerine makalesi bulunan Mu\u011fla S\u0131tk\u0131 Ko\u00e7man \u00dcniversitesi Edebiyat Fak\u00fcltesi \u00f6\u011fretim \u00fcyesi Prof. Dr. Tuncay \u00d6\u011f\u00fcn, g\u00f6n\u00fcll\u00fc olarak cephedeki askerlere m\u00fchimmat ta\u015f\u0131yan ve d\u00f6n\u00fc\u015f yolunda ya\u015fanan tipi sonras\u0131 \u015fehit d\u00fc\u015fmelerinin yurdun d\u00f6rt bir k\u00f6\u015fesinde ads\u0131z kahramanlar ordusunun yapm\u0131\u015f oldu\u011fu b\u00fcy\u00fck m\u00fccadelelerin sadece bir \u00f6rne\u011fi oldu\u011funu a\u00e7\u0131klad\u0131.<\/p>\n<p>&#8220;Van ahalisi sorumluluk ald\u0131&#8221;<br \/>\n<br \/>Prof. Dr. \u00d6\u011f\u00fcn, k\u0131\u015f \u015fartlar\u0131nda Rus ordusuna kar\u015f\u0131 cephedeki askerlere mermi teminin zor \u015fartlar alt\u0131nda yap\u0131ld\u0131\u011f\u0131n\u0131 belirterek, &#8220;1\u2019inci d\u00fcnya sava\u015f\u0131nda \u0130ran Hoy cephesindeki orduya cephane yeti\u015ftirilemiyor, erzak yeti\u015ftirilemiyordu. Kim ta\u015f\u0131yacak? Erkek n\u00fcfus zaten cephede. Zaten vas\u0131ta yok. Bu durumda Van\u2019\u0131n ahalisi, i\u015f ba\u015fa d\u00fc\u015ft\u00fc diyerek yurt savunmas\u0131nda gerekli sorumlulu\u011fu al\u0131rlar&#8221; dedi.<\/p>\n<p>&#8220;120 \u00e7ocuk g\u00f6n\u00fcll\u00fc oldu&#8221;<br \/>\n<br \/>Cephedeki askerlere m\u00fchimmat ta\u015f\u0131yacak yeti\u015fkin erkek n\u00fcfus olmad\u0131\u011f\u0131 i\u00e7in ya\u015flar\u0131 12-17 aras\u0131nda de\u011fi\u015fen \u00e7ocuklar\u0131n m\u00fchimmat\u0131 g\u00f6n\u00fcll\u00fc olarak ta\u015f\u0131d\u0131klar\u0131n\u0131 aktaran \u00d6\u011f\u00fct, &#8220;Ortaokul ya da lise d\u00fczeyinde \u00f6\u011frencilerin e\u011fitim g\u00f6rd\u00fc\u011f\u00fc okulda \u00e7ocuklar g\u00f6n\u00fcll\u00fc olurlar. Ya\u015flar\u0131 12 ile 17 aras\u0131nda de\u011fi\u015fen 120 \u00e7ocuk toplan\u0131r. Bunlar\u0131n s\u0131rtlar\u0131n\u0131n her birinin s\u0131rt\u0131na biner fi\u015fek konur ve onlar o k\u0131\u015f \u015fartlar\u0131nda kilometrelerce uzakta bulunan Hoy\u2019da yani bug\u00fcn \u0130ran topraklar\u0131nda bulunan Hoy\u2019da Ruslarla muharebe etmekte olan T\u00fcrk ordusuna cephane yeti\u015ftirmek i\u00e7in yola \u00e7\u0131karlar. G\u00f6revlerini ba\u015far\u0131yla yerine getirirler. Ancak i\u015fleri bittikten sonra geri d\u00f6nerler. Geri d\u00f6nerken bug\u00fcn yine \u0130ran s\u0131n\u0131rlar\u0131nda bulunan Van\u2019\u0131n Saray il\u00e7esi yak\u0131n\u0131nda tipiye yakalan\u0131rlar. O bo\u011fucu tipi de o \u00e7ocuklar b\u00fcy\u00fck kay\u0131plara u\u011frarlar. Yakla\u015f\u0131k 80 \u00e7ocuk orada o tipi de bo\u011fularak, donarak can verir. Geriye kalan 40 \u00e7ocu\u011fu da b\u00f6lgedeki \u015eikak a\u015fireti mensuplar\u0131 onlar\u0131n imdad\u0131na yeti\u015fir. Bir k\u0131sm\u0131n\u0131 Van\u2019a getirirler. Van\u2019da tedavi g\u00f6renlerin \u00e7ok az bir b\u00f6l\u00fcm\u00fc sa\u011fl\u0131\u011f\u0131na kavu\u015fur ama di\u011ferleri de \u015fehit d\u00fc\u015ferler&#8221; dedi.<\/p>\n<p>&#8220;\u00c7ocuklar Vanl\u0131lar taraf\u0131ndan unutulmad\u0131&#8221;<br \/>\n<br \/>Vanl\u0131 120 \u00e7ocu\u011fun hat\u0131ras\u0131n\u0131n ya\u015fat\u0131lmas\u0131 i\u00e7in tamam\u0131 12-17 ya\u015flar\u0131ndaki Vanl\u0131 \u00e7ocuklardan olu\u015fan sinema filmi \u00e7ekildi\u011fini belirten Prof. Dr. \u00d6\u011f\u00fct, &#8220;1977 y\u0131l\u0131nda Van\u2019\u0131n Kurtulu\u015f Park\u0131\u2019na d\u00f6nemin Belediye Ba\u015fkan\u0131 rahmetli Tayyar Dabbao\u011flu taraf\u0131ndan bir an\u0131t dikildi. 2008 y\u0131l\u0131ndan itibaren 120 \u00e7ocu\u011fu her y\u0131l anmaya ba\u015flad\u0131k. Daha sonra sinemaya da yans\u0131d\u0131. K\u00fclt\u00fcr Bakanl\u0131\u011f\u0131\u2019n\u0131n deste\u011fiyle \u2019120\u2019 adl\u0131 bir film \u00e7ekildi. O filmde \u015fehit d\u00fc\u015fen o 120 \u00e7ocu\u011fun ya\u015f\u0131t\u0131 olan Vanl\u0131 \u00e7ocuklar oynad\u0131lar&#8221; dedi.<br \/><\/p>\n","protected":false},"excerpt":{"rendered":"<p>1\u2019inci D\u00fcnya Sava\u015f\u0131 s\u0131ras\u0131nda \u0130ran\u2019\u0131n Hoy Cephesi\u2019ndeki T\u00fcrk askerlerine cephane ta\u015f\u0131rken d\u00f6n\u00fc\u015f yolunda \u015fehit d\u00fc\u015fen \u2018120 kahraman \u00e7ocuk\u2019 \u00fczerine makalesi bulunan Mu\u011fla S\u0131tk\u0131 Ko\u00e7man \u00dcniversitesi Edebiyat Fak\u00fcltesi \u00f6\u011fretim \u00fcyesi Prof. Dr. Tuncay \u00d6\u011f\u00fcn, g\u00f6n\u00fcll\u00fc olarak cephedeki askerlere m\u00fchimmat ta\u015f\u0131yan ve d\u00f6n\u00fc\u015f yolunda ya\u015fanan tipi sonras\u0131 \u015fehit d\u00fc\u015fmelerinin yurdun d\u00f6rt bir k\u00f6\u015fesinde ads\u0131z kahramanlar ordusunun yapm\u0131\u015f&#8230;<\/p>\n","protected":false},"author":1,"featured_media":17119,"comment_status":"open","ping_status":"open","sticky":false,"template":"","format":"standard","meta":{"_crdt_document":"","footnotes":""},"categories":[1],"tags":[],"class_list":["post-17118","post","type-post","status-publish","format-standard","has-post-thumbnail","hentry","category-guncel"],"_links":{"self":[{"href":"https:\/\/www.egemtv.com\/index.php?rest_route=\/wp\/v2\/posts\/17118","targetHints":{"allow":["GET"]}}],"collection":[{"href":"https:\/\/www.egemtv.com\/index.php?rest_route=\/wp\/v2\/posts"}],"about":[{"href":"https:\/\/www.egemtv.com\/index.php?rest_route=\/wp\/v2\/types\/post"}],"author":[{"embeddable":true,"href":"https:\/\/www.egemtv.com\/index.php?rest_route=\/wp\/v2\/users\/1"}],"replies":[{"embeddable":true,"href":"https:\/\/www.egemtv.com\/index.php?rest_route=%2Fwp%2Fv2%2Fcomments&post=17118"}],"version-history":[{"count":1,"href":"https:\/\/www.egemtv.com\/index.php?rest_route=\/wp\/v2\/posts\/17118\/revisions"}],"predecessor-version":[{"id":17120,"href":"https:\/\/www.egemtv.com\/index.php?rest_route=\/wp\/v2\/posts\/17118\/revisions\/17120"}],"wp:featuredmedia":[{"embeddable":true,"href":"https:\/\/www.egemtv.com\/index.php?rest_route=\/wp\/v2\/media\/17119"}],"wp:attachment":[{"href":"https:\/\/www.egemtv.com\/index.php?rest_route=%2Fwp%2Fv2%2Fmedia&parent=17118"}],"wp:term":[{"taxonomy":"category","embeddable":true,"href":"https:\/\/www.egemtv.com\/index.php?rest_route=%2Fwp%2Fv2%2Fcategories&post=17118"},{"taxonomy":"post_tag","embeddable":true,"href":"https:\/\/www.egemtv.com\/index.php?rest_route=%2Fwp%2Fv2%2Ftags&post=17118"}],"curies":[{"name":"wp","href":"https:\/\/api.w.org\/{rel}","templated":true}]}}