{"id":1711,"date":"2025-01-03T12:12:16","date_gmt":"2025-01-03T09:12:16","guid":{"rendered":"https:\/\/www.egemtv.com\/?p=1711"},"modified":"2025-01-03T14:16:06","modified_gmt":"2025-01-03T11:16:06","slug":"canakkalede-iki-kamyonet-carpisti-1-olu-1-yarali","status":"publish","type":"post","link":"https:\/\/www.egemtv.com\/?p=1711","title":{"rendered":"\u00c7anakkale\u2019de iki kamyonet \u00e7arp\u0131\u015ft\u0131: 1 \u00f6l\u00fc, 1 yaral\u0131"},"content":{"rendered":"<p>\u00c7anakkale\u2019nin Ezine il\u00e7esinde iki kamyonetin \u00e7arp\u0131\u015ft\u0131\u011f\u0131 trafik kazas\u0131nda 1 ki\u015fi hayat\u0131n\u0131 kaybetti. Bir ki\u015fi ise yaraland\u0131.<br \/>\n<br \/>Kaza, saat 10.30 s\u0131ralar\u0131nda Ezine il\u00e7esi \u00e7\u0131k\u0131\u015f\u0131ndaki \u00dcsk\u00fcf\u00e7\u00fc kav\u015fa\u011f\u0131nda meydana geldi. Hasan Evin idaresindeki 17 ADZ 869 plakal\u0131 kamyonet, Tuncay Bilgin y\u00f6netimindeki 17 ADJ 283 plakal\u0131 kamyonet ile \u00e7arp\u0131\u015ft\u0131. Kazay\u0131 g\u00f6ren di\u011fer s\u00fcr\u00fcc\u00fcler durumu polis ve sa\u011fl\u0131k ekiplerine bildirdi. Kazada 17 ADJ 283 plakal\u0131 kamyonet s\u00fcr\u00fcc\u00fcs\u00fc Tuncay Bilgin olay yerinde hayat\u0131n\u0131 kaybetti. 17 ADZ 869 plakal\u0131 kamyonet s\u00fcr\u00fcc\u00fcs\u00fc Hasan Evin ise yaraland\u0131. Sa\u011fl\u0131k ekiplerinin olay yerindeki m\u00fcdahalesinin ard\u0131ndan yaral\u0131 Hasan Evin ambulansla Ezine Devlet Hastanesinde tedavi alt\u0131na al\u0131nd\u0131. Yaral\u0131n\u0131n hayati tehlikesinin bulunmad\u0131\u011f\u0131 \u00f6\u011frenildi.<br \/>\n<br \/>Savc\u0131l\u0131k ve olay yeri inceleme ekiplerinin incelemesinin ard\u0131ndan Tuncay Bilgin\u2019in cenazesi Ezine Devlet Hastanesi morguna kald\u0131r\u0131ld\u0131.<br \/>\n<br \/>Polis kazayla ilgili inceleme ba\u015flatt\u0131.<br \/>\n<br \/><div id='gallery-1' class='gallery galleryid-1711 gallery-columns-3 gallery-size-thumbnail'><figure class='gallery-item'>\n\t\t\t<div class='gallery-icon landscape'>\n\t\t\t\t<a href='https:\/\/www.egemtv.com\/?attachment_id=2046'><img decoding=\"async\" width=\"150\" height=\"150\" src=\"https:\/\/www.egemtv.com\/wp-content\/uploads\/2025\/01\/canakkalede-iki-kamyonet-carpisti-1-olu-1-yarali_77ef49287b7b-150x150.jpg\" class=\"attachment-thumbnail size-thumbnail not-transparent\" alt=\"\" data-has-transparency=\"false\" data-dominant-color=\"787a7a\" style=\"--dominant-color: #787a7a;\" \/><\/a>\n\t\t\t<\/div><\/figure><figure class='gallery-item'>\n\t\t\t<div class='gallery-icon landscape'>\n\t\t\t\t<a href='https:\/\/www.egemtv.com\/?attachment_id=2047'><img decoding=\"async\" width=\"150\" height=\"150\" src=\"https:\/\/www.egemtv.com\/wp-content\/uploads\/2025\/01\/canakkalede-iki-kamyonet-carpisti-1-olu-1-yarali_464da08631cf-150x150.jpg\" class=\"attachment-thumbnail size-thumbnail not-transparent\" alt=\"\" data-has-transparency=\"false\" data-dominant-color=\"5c5e5d\" style=\"--dominant-color: #5c5e5d;\" \/><\/a>\n\t\t\t<\/div><\/figure><figure class='gallery-item'>\n\t\t\t<div class='gallery-icon landscape'>\n\t\t\t\t<a href='https:\/\/www.egemtv.com\/?attachment_id=2048'><img decoding=\"async\" width=\"150\" height=\"150\" src=\"https:\/\/www.egemtv.com\/wp-content\/uploads\/2025\/01\/canakkalede-iki-kamyonet-carpisti-1-olu-1-yarali_b71ffaf34750-150x150.jpg\" class=\"attachment-thumbnail size-thumbnail not-transparent\" alt=\"\" data-has-transparency=\"false\" data-dominant-color=\"7b7f7f\" style=\"--dominant-color: #7b7f7f;\" \/><\/a>\n\t\t\t<\/div><\/figure><figure class='gallery-item'>\n\t\t\t<div class='gallery-icon landscape'>\n\t\t\t\t<a href='https:\/\/www.egemtv.com\/?attachment_id=2049'><img loading=\"lazy\" decoding=\"async\" width=\"150\" height=\"150\" src=\"https:\/\/www.egemtv.com\/wp-content\/uploads\/2025\/01\/canakkalede-iki-kamyonet-carpisti-1-olu-1-yarali_1e1caceb462b-150x150.jpg\" class=\"attachment-thumbnail size-thumbnail not-transparent\" alt=\"\" data-has-transparency=\"false\" data-dominant-color=\"878888\" style=\"--dominant-color: #878888;\" \/><\/a>\n\t\t\t<\/div><\/figure><figure class='gallery-item'>\n\t\t\t<div class='gallery-icon landscape'>\n\t\t\t\t<a href='https:\/\/www.egemtv.com\/?attachment_id=2050'><img loading=\"lazy\" decoding=\"async\" width=\"150\" height=\"150\" src=\"https:\/\/www.egemtv.com\/wp-content\/uploads\/2025\/01\/canakkalede-iki-kamyonet-carpisti-1-olu-1-yarali_373af4c49dc5-150x150.jpg\" class=\"attachment-thumbnail size-thumbnail not-transparent\" alt=\"\" data-has-transparency=\"false\" data-dominant-color=\"7f7c79\" style=\"--dominant-color: #7f7c79;\" \/><\/a>\n\t\t\t<\/div><\/figure>\n\t\t<\/div>\n<div style=\"width: 640px;\" class=\"wp-video\"><video class=\"wp-video-shortcode\" id=\"video-1711-1\" width=\"640\" height=\"360\" preload=\"metadata\" controls=\"controls\"><source type=\"video\/mp4\" src=\"https:\/\/www.egemtv.com\/wp-content\/uploads\/2025\/01\/canakkalede-iki-kamyonet-carpisti-1-olu-1-yarali_7683f6262ad5.mp4?_=1\" \/><a href=\"https:\/\/www.egemtv.com\/wp-content\/uploads\/2025\/01\/canakkalede-iki-kamyonet-carpisti-1-olu-1-yarali_7683f6262ad5.mp4\">https:\/\/www.egemtv.com\/wp-content\/uploads\/2025\/01\/canakkalede-iki-kamyonet-carpisti-1-olu-1-yarali_7683f6262ad5.mp4<\/a><\/video><\/div><\/p>\n","protected":false},"excerpt":{"rendered":"<p>\u00c7anakkale\u2019nin Ezine il\u00e7esinde iki kamyonetin \u00e7arp\u0131\u015ft\u0131\u011f\u0131 trafik kazas\u0131nda 1 ki\u015fi hayat\u0131n\u0131 kaybetti. Bir ki\u015fi ise yaraland\u0131. Kaza, saat 10.30 s\u0131ralar\u0131nda Ezine il\u00e7esi \u00e7\u0131k\u0131\u015f\u0131ndaki \u00dcsk\u00fcf\u00e7\u00fc kav\u015fa\u011f\u0131nda meydana geldi. Hasan Evin idaresindeki 17 ADZ 869 plakal\u0131 kamyonet, Tuncay Bilgin y\u00f6netimindeki 17 ADJ 283 plakal\u0131 kamyonet ile \u00e7arp\u0131\u015ft\u0131. Kazay\u0131 g\u00f6ren di\u011fer s\u00fcr\u00fcc\u00fcler durumu polis ve sa\u011fl\u0131k ekiplerine bildirdi&#8230;.<\/p>\n","protected":false},"author":1,"featured_media":1712,"comment_status":"open","ping_status":"open","sticky":false,"template":"","format":"standard","meta":{"_crdt_document":"","footnotes":""},"categories":[5],"tags":[],"class_list":["post-1711","post","type-post","status-publish","format-standard","has-post-thumbnail","hentry","category-asayis"],"_links":{"self":[{"href":"https:\/\/www.egemtv.com\/index.php?rest_route=\/wp\/v2\/posts\/1711","targetHints":{"allow":["GET"]}}],"collection":[{"href":"https:\/\/www.egemtv.com\/index.php?rest_route=\/wp\/v2\/posts"}],"about":[{"href":"https:\/\/www.egemtv.com\/index.php?rest_route=\/wp\/v2\/types\/post"}],"author":[{"embeddable":true,"href":"https:\/\/www.egemtv.com\/index.php?rest_route=\/wp\/v2\/users\/1"}],"replies":[{"embeddable":true,"href":"https:\/\/www.egemtv.com\/index.php?rest_route=%2Fwp%2Fv2%2Fcomments&post=1711"}],"version-history":[{"count":3,"href":"https:\/\/www.egemtv.com\/index.php?rest_route=\/wp\/v2\/posts\/1711\/revisions"}],"predecessor-version":[{"id":2341,"href":"https:\/\/www.egemtv.com\/index.php?rest_route=\/wp\/v2\/posts\/1711\/revisions\/2341"}],"wp:featuredmedia":[{"embeddable":true,"href":"https:\/\/www.egemtv.com\/index.php?rest_route=\/wp\/v2\/media\/1712"}],"wp:attachment":[{"href":"https:\/\/www.egemtv.com\/index.php?rest_route=%2Fwp%2Fv2%2Fmedia&parent=1711"}],"wp:term":[{"taxonomy":"category","embeddable":true,"href":"https:\/\/www.egemtv.com\/index.php?rest_route=%2Fwp%2Fv2%2Fcategories&post=1711"},{"taxonomy":"post_tag","embeddable":true,"href":"https:\/\/www.egemtv.com\/index.php?rest_route=%2Fwp%2Fv2%2Ftags&post=1711"}],"curies":[{"name":"wp","href":"https:\/\/api.w.org\/{rel}","templated":true}]}}