{"id":17109,"date":"2025-02-08T14:07:15","date_gmt":"2025-02-08T11:07:15","guid":{"rendered":"https:\/\/www.egemtv.com\/?p=17109"},"modified":"2025-02-08T14:07:17","modified_gmt":"2025-02-08T11:07:17","slug":"ispartada-sahte-altin-dolandiricilari-yakalandi","status":"publish","type":"post","link":"https:\/\/www.egemtv.com\/?p=17109","title":{"rendered":"Isparta\u2019da sahte alt\u0131n doland\u0131r\u0131c\u0131lar\u0131 yakaland\u0131"},"content":{"rendered":"<p>Isparta\u2019da sahte ziynet e\u015fyas\u0131 bozdurarak 43 bin 450 TL de\u011ferinde alt\u0131n ve nakit para alan 2  \u015f\u00fcpheli \u015fah\u0131s, Asayi\u015f \u015eube ekiplerince yakaland\u0131. Ara\u00e7lar\u0131nda yap\u0131lan aramada sahte oldu\u011fu de\u011ferlendirilen 1 bilezik, 5 \u00e7eyrek alt\u0131n ve 14 bin 900 TL ele ge\u00e7irildi.<br \/>\n<br \/>Isparta \u0130l Emniyet M\u00fcd\u00fcrl\u00fc\u011f\u00fc Asayi\u015f \u015eube ekipleri, kentte meydana gelen doland\u0131r\u0131c\u0131l\u0131k olay\u0131yla ilgili y\u00fcr\u00fctt\u00fckleri \u00e7al\u0131\u015fmalarda Y.G. ve A.C.\u0130. isimli iki \u015f\u00fcpheliyi g\u00f6zalt\u0131na ald\u0131. \u015e\u00fcphelilerin, sahte ziynet e\u015fyalar\u0131 bozdurarak 43 bin 450 TL de\u011ferinde alt\u0131n ve nakit para ald\u0131klar\u0131, ayr\u0131ca ba\u015fka bir i\u015f yerinde sahte bilezik satmaya \u00e7al\u0131\u015ft\u0131klar\u0131 belirlendi. Ara\u00e7lar\u0131nda yap\u0131lan aramalarda 1 bilezik, 5 \u00e7eyrek alt\u0131n ve 14 bin 900 TL ele ge\u00e7irildi. G\u00f6zalt\u0131na al\u0131nan \u015f\u00fcpheliler, adli mercilere sevk edildi.<br \/><\/p>\n","protected":false},"excerpt":{"rendered":"<p>Isparta\u2019da sahte ziynet e\u015fyas\u0131 bozdurarak 43 bin 450 TL de\u011ferinde alt\u0131n ve nakit para alan 2 \u015f\u00fcpheli \u015fah\u0131s, Asayi\u015f \u015eube ekiplerince yakaland\u0131. Ara\u00e7lar\u0131nda yap\u0131lan aramada sahte oldu\u011fu de\u011ferlendirilen 1 bilezik, 5 \u00e7eyrek alt\u0131n ve 14 bin 900 TL ele ge\u00e7irildi. Isparta \u0130l Emniyet M\u00fcd\u00fcrl\u00fc\u011f\u00fc Asayi\u015f \u015eube ekipleri, kentte meydana gelen doland\u0131r\u0131c\u0131l\u0131k olay\u0131yla ilgili y\u00fcr\u00fctt\u00fckleri \u00e7al\u0131\u015fmalarda&#8230;<\/p>\n","protected":false},"author":1,"featured_media":17110,"comment_status":"open","ping_status":"open","sticky":false,"template":"","format":"standard","meta":{"_crdt_document":"","footnotes":""},"categories":[5],"tags":[],"class_list":["post-17109","post","type-post","status-publish","format-standard","has-post-thumbnail","hentry","category-asayis"],"_links":{"self":[{"href":"https:\/\/www.egemtv.com\/index.php?rest_route=\/wp\/v2\/posts\/17109","targetHints":{"allow":["GET"]}}],"collection":[{"href":"https:\/\/www.egemtv.com\/index.php?rest_route=\/wp\/v2\/posts"}],"about":[{"href":"https:\/\/www.egemtv.com\/index.php?rest_route=\/wp\/v2\/types\/post"}],"author":[{"embeddable":true,"href":"https:\/\/www.egemtv.com\/index.php?rest_route=\/wp\/v2\/users\/1"}],"replies":[{"embeddable":true,"href":"https:\/\/www.egemtv.com\/index.php?rest_route=%2Fwp%2Fv2%2Fcomments&post=17109"}],"version-history":[{"count":1,"href":"https:\/\/www.egemtv.com\/index.php?rest_route=\/wp\/v2\/posts\/17109\/revisions"}],"predecessor-version":[{"id":17111,"href":"https:\/\/www.egemtv.com\/index.php?rest_route=\/wp\/v2\/posts\/17109\/revisions\/17111"}],"wp:featuredmedia":[{"embeddable":true,"href":"https:\/\/www.egemtv.com\/index.php?rest_route=\/wp\/v2\/media\/17110"}],"wp:attachment":[{"href":"https:\/\/www.egemtv.com\/index.php?rest_route=%2Fwp%2Fv2%2Fmedia&parent=17109"}],"wp:term":[{"taxonomy":"category","embeddable":true,"href":"https:\/\/www.egemtv.com\/index.php?rest_route=%2Fwp%2Fv2%2Fcategories&post=17109"},{"taxonomy":"post_tag","embeddable":true,"href":"https:\/\/www.egemtv.com\/index.php?rest_route=%2Fwp%2Fv2%2Ftags&post=17109"}],"curies":[{"name":"wp","href":"https:\/\/api.w.org\/{rel}","templated":true}]}}