{"id":17106,"date":"2025-02-08T14:07:09","date_gmt":"2025-02-08T11:07:09","guid":{"rendered":"https:\/\/www.egemtv.com\/?p=17106"},"modified":"2025-02-08T14:07:14","modified_gmt":"2025-02-08T11:07:14","slug":"nazillide-uyusturucu-operasyonu-1-tutuklama-2","status":"publish","type":"post","link":"https:\/\/www.egemtv.com\/?p=17106","title":{"rendered":"Nazilli\u2019de uyu\u015fturucu operasyonu: 1 tutuklama"},"content":{"rendered":"<p>Ayd\u0131n\u2019\u0131n Nazilli il\u00e7esinde jandarma ekipleri taraf\u0131ndan ger\u00e7ekle\u015ftirilen \u00e7al\u0131\u015fmalar kapsam\u0131nda g\u00f6zalt\u0131na al\u0131nan 2 \u015f\u00fcpheliden biri tutuklanarak cezaevine g\u00f6nderildi.<\/p>\n<p>Ayd\u0131n\u2019da jandarma ekipleri uyu\u015fturucu madde kullan\u0131m\u0131 ve ticaretinin \u00f6nlenmesine y\u00f6nelik \u00e7al\u0131\u015fmalar\u0131n\u0131 aral\u0131ks\u0131z s\u00fcrd\u00fcr\u00fcyor. Edinilen bilgiye g\u00f6re, Nazilli \u0130l\u00e7e Jandarma Komutanl\u0131\u011f\u0131 taraf\u0131ndan uyu\u015fturucu madde sat\u0131c\u0131s\u0131 ve kullan\u0131c\u0131lar\u0131na y\u00f6nelik \u00e7al\u0131\u015fmalar kapsam\u0131nda A.\u00c7. (48) isimli erkek ve G.K. (45) isimli kad\u0131n \u015f\u00fcphelilerin yakalanmas\u0131 i\u00e7in operasyon d\u00fczenlendi. D\u00fczenlenen operasyonda \u015f\u00fcpheli \u015fah\u0131slar k\u0131sk\u0131vrak yakalanarak g\u00f6zalt\u0131na al\u0131n\u0131rken, \u015fah\u0131slar\u0131n arac\u0131nda ve ikametlerinde yap\u0131lan adli aramada; 6 adet paketlenmi\u015f sat\u0131\u015fa haz\u0131r 18 gram metamfetamin, 3 adet paketlenmi\u015f sat\u0131\u015fa haz\u0131rlanm\u0131\u015f 33 gram kubar esrar, 31 adet sentetik hap, 2 adet uyu\u015fturucu kullanma aparat\u0131, 1 adet i\u00e7ime haz\u0131rlanm\u0131\u015f sigara ve 3 adet cep telefonu ile su\u00e7tan elde edildi\u011fi de\u011ferlendirilen 7 bin 210 TL nakit para ele ge\u00e7irildi. Jandarmadaki i\u015flemlerinin ard\u0131ndan adli makamlara sevk edilen \u015f\u00fcphelilerden A.\u00c7. tutuklanarak cezaevine g\u00f6nderilirken, G.K. isimli kad\u0131n \u015f\u00fcpheli ise adli kontrol \u015fart\u0131 ile serbest b\u0131rak\u0131ld\u0131.<br \/><\/p>\n","protected":false},"excerpt":{"rendered":"<p>Ayd\u0131n\u2019\u0131n Nazilli il\u00e7esinde jandarma ekipleri taraf\u0131ndan ger\u00e7ekle\u015ftirilen \u00e7al\u0131\u015fmalar kapsam\u0131nda g\u00f6zalt\u0131na al\u0131nan 2 \u015f\u00fcpheliden biri tutuklanarak cezaevine g\u00f6nderildi. Ayd\u0131n\u2019da jandarma ekipleri uyu\u015fturucu madde kullan\u0131m\u0131 ve ticaretinin \u00f6nlenmesine y\u00f6nelik \u00e7al\u0131\u015fmalar\u0131n\u0131 aral\u0131ks\u0131z s\u00fcrd\u00fcr\u00fcyor. Edinilen bilgiye g\u00f6re, Nazilli \u0130l\u00e7e Jandarma Komutanl\u0131\u011f\u0131 taraf\u0131ndan uyu\u015fturucu madde sat\u0131c\u0131s\u0131 ve kullan\u0131c\u0131lar\u0131na y\u00f6nelik \u00e7al\u0131\u015fmalar kapsam\u0131nda A.\u00c7. (48) isimli erkek ve G.K. (45) isimli kad\u0131n&#8230;<\/p>\n","protected":false},"author":1,"featured_media":17107,"comment_status":"open","ping_status":"open","sticky":false,"template":"","format":"standard","meta":{"_crdt_document":"","footnotes":""},"categories":[5],"tags":[],"class_list":["post-17106","post","type-post","status-publish","format-standard","has-post-thumbnail","hentry","category-asayis"],"_links":{"self":[{"href":"https:\/\/www.egemtv.com\/index.php?rest_route=\/wp\/v2\/posts\/17106","targetHints":{"allow":["GET"]}}],"collection":[{"href":"https:\/\/www.egemtv.com\/index.php?rest_route=\/wp\/v2\/posts"}],"about":[{"href":"https:\/\/www.egemtv.com\/index.php?rest_route=\/wp\/v2\/types\/post"}],"author":[{"embeddable":true,"href":"https:\/\/www.egemtv.com\/index.php?rest_route=\/wp\/v2\/users\/1"}],"replies":[{"embeddable":true,"href":"https:\/\/www.egemtv.com\/index.php?rest_route=%2Fwp%2Fv2%2Fcomments&post=17106"}],"version-history":[{"count":1,"href":"https:\/\/www.egemtv.com\/index.php?rest_route=\/wp\/v2\/posts\/17106\/revisions"}],"predecessor-version":[{"id":17108,"href":"https:\/\/www.egemtv.com\/index.php?rest_route=\/wp\/v2\/posts\/17106\/revisions\/17108"}],"wp:featuredmedia":[{"embeddable":true,"href":"https:\/\/www.egemtv.com\/index.php?rest_route=\/wp\/v2\/media\/17107"}],"wp:attachment":[{"href":"https:\/\/www.egemtv.com\/index.php?rest_route=%2Fwp%2Fv2%2Fmedia&parent=17106"}],"wp:term":[{"taxonomy":"category","embeddable":true,"href":"https:\/\/www.egemtv.com\/index.php?rest_route=%2Fwp%2Fv2%2Fcategories&post=17106"},{"taxonomy":"post_tag","embeddable":true,"href":"https:\/\/www.egemtv.com\/index.php?rest_route=%2Fwp%2Fv2%2Ftags&post=17106"}],"curies":[{"name":"wp","href":"https:\/\/api.w.org\/{rel}","templated":true}]}}