{"id":17102,"date":"2025-02-08T13:58:56","date_gmt":"2025-02-08T10:58:56","guid":{"rendered":"https:\/\/www.egemtv.com\/?p=17102"},"modified":"2025-02-08T13:59:01","modified_gmt":"2025-02-08T10:59:01","slug":"jandarma-ekipleri-kadinlari-geri-donusum-konusunda-bilgilendirdi-2","status":"publish","type":"post","link":"https:\/\/www.egemtv.com\/?p=17102","title":{"rendered":"Jandarma ekipleri kad\u0131nlar\u0131 geri d\u00f6n\u00fc\u015f\u00fcm konusunda bilgilendirdi"},"content":{"rendered":"<p>Ayd\u0131n \u0130l Jandarma Komutanl\u0131\u011f\u0131 \u00c7evre, Do\u011fa ve Hayvanlar\u0131 Koruma Tim Komutanl\u0131\u011f\u0131 ile K\u00f6\u015fk \u0130l\u00e7e Jandarma Komutanl\u0131\u011f\u0131 personelleri, K\u00f6\u015fk il\u00e7esi Yavuzk\u00f6y Mahallesi\u2019nde \u00e7ilek seralar\u0131nda \u00e7al\u0131\u015fan vatanda\u015flara geri d\u00f6n\u00fc\u015f\u00fcm\u00fcn \u00f6nemi ve geri d\u00f6n\u00fc\u015f\u00fcm malzemeleri hakk\u0131nda bilgilendirme yapt\u0131.<\/p>\n<p>Yap\u0131lan bilgilendirme \u00e7al\u0131\u015fmalar\u0131nda, geri d\u00f6n\u00fc\u015f\u00fcm\u00fcn \u00e7evre \u00fczerindeki olumlu etkileri ve at\u0131klar\u0131n nas\u0131l do\u011fru \u015fekilde ayr\u0131\u015ft\u0131r\u0131l\u0131p de\u011ferlendirilebilece\u011fi hakk\u0131nda bilgi verildi. Jandarma ekipleri, \u00e7evre bilincinin artt\u0131r\u0131lmas\u0131 ve s\u00fcrd\u00fcr\u00fclebilir bir gelecek i\u00e7in geri d\u00f6n\u00fc\u015f\u00fcm\u00fcn b\u00fcy\u00fck \u00f6nem ta\u015f\u0131d\u0131\u011f\u0131na dikkat \u00e7ekti. Bu t\u00fcr e\u011fitimlerin devam edece\u011fi ve b\u00f6lgedeki di\u011fer mahallelerde de benzer bilgilendirmelerin yap\u0131laca\u011f\u0131 belirtildi.<br \/><\/p>\n","protected":false},"excerpt":{"rendered":"<p>Ayd\u0131n \u0130l Jandarma Komutanl\u0131\u011f\u0131 \u00c7evre, Do\u011fa ve Hayvanlar\u0131 Koruma Tim Komutanl\u0131\u011f\u0131 ile K\u00f6\u015fk \u0130l\u00e7e Jandarma Komutanl\u0131\u011f\u0131 personelleri, K\u00f6\u015fk il\u00e7esi Yavuzk\u00f6y Mahallesi\u2019nde \u00e7ilek seralar\u0131nda \u00e7al\u0131\u015fan vatanda\u015flara geri d\u00f6n\u00fc\u015f\u00fcm\u00fcn \u00f6nemi ve geri d\u00f6n\u00fc\u015f\u00fcm malzemeleri hakk\u0131nda bilgilendirme yapt\u0131. Yap\u0131lan bilgilendirme \u00e7al\u0131\u015fmalar\u0131nda, geri d\u00f6n\u00fc\u015f\u00fcm\u00fcn \u00e7evre \u00fczerindeki olumlu etkileri ve at\u0131klar\u0131n nas\u0131l do\u011fru \u015fekilde ayr\u0131\u015ft\u0131r\u0131l\u0131p de\u011ferlendirilebilece\u011fi hakk\u0131nda bilgi verildi. Jandarma&#8230;<\/p>\n","protected":false},"author":1,"featured_media":17103,"comment_status":"open","ping_status":"open","sticky":false,"template":"","format":"standard","meta":{"_crdt_document":"","footnotes":""},"categories":[1],"tags":[],"class_list":["post-17102","post","type-post","status-publish","format-standard","has-post-thumbnail","hentry","category-guncel"],"_links":{"self":[{"href":"https:\/\/www.egemtv.com\/index.php?rest_route=\/wp\/v2\/posts\/17102","targetHints":{"allow":["GET"]}}],"collection":[{"href":"https:\/\/www.egemtv.com\/index.php?rest_route=\/wp\/v2\/posts"}],"about":[{"href":"https:\/\/www.egemtv.com\/index.php?rest_route=\/wp\/v2\/types\/post"}],"author":[{"embeddable":true,"href":"https:\/\/www.egemtv.com\/index.php?rest_route=\/wp\/v2\/users\/1"}],"replies":[{"embeddable":true,"href":"https:\/\/www.egemtv.com\/index.php?rest_route=%2Fwp%2Fv2%2Fcomments&post=17102"}],"version-history":[{"count":1,"href":"https:\/\/www.egemtv.com\/index.php?rest_route=\/wp\/v2\/posts\/17102\/revisions"}],"predecessor-version":[{"id":17105,"href":"https:\/\/www.egemtv.com\/index.php?rest_route=\/wp\/v2\/posts\/17102\/revisions\/17105"}],"wp:featuredmedia":[{"embeddable":true,"href":"https:\/\/www.egemtv.com\/index.php?rest_route=\/wp\/v2\/media\/17103"}],"wp:attachment":[{"href":"https:\/\/www.egemtv.com\/index.php?rest_route=%2Fwp%2Fv2%2Fmedia&parent=17102"}],"wp:term":[{"taxonomy":"category","embeddable":true,"href":"https:\/\/www.egemtv.com\/index.php?rest_route=%2Fwp%2Fv2%2Fcategories&post=17102"},{"taxonomy":"post_tag","embeddable":true,"href":"https:\/\/www.egemtv.com\/index.php?rest_route=%2Fwp%2Fv2%2Ftags&post=17102"}],"curies":[{"name":"wp","href":"https:\/\/api.w.org\/{rel}","templated":true}]}}