{"id":17097,"date":"2025-02-08T13:52:56","date_gmt":"2025-02-08T10:52:56","guid":{"rendered":"https:\/\/www.egemtv.com\/?p=17097"},"modified":"2025-02-08T13:53:01","modified_gmt":"2025-02-08T10:53:01","slug":"egirdirli-umre-kafilesi-arafatta-egirdir-golu-icin-yagmur-duasi-etti","status":"publish","type":"post","link":"https:\/\/www.egemtv.com\/?p=17097","title":{"rendered":"E\u011firdirli umre kafilesi, Arafat\u2019ta E\u011firdir G\u00f6l\u00fc i\u00e7in ya\u011fmur duas\u0131 etti"},"content":{"rendered":"<p>Umre ziyaretleri i\u00e7in Mekke\u2019ye giden E\u011firdir\u2019li bir kafile, Arafat Da\u011f\u0131\u2019nda E\u011firdir G\u00f6l\u00fc i\u00e7in ya\u011fmur duas\u0131 etti.<br \/>\n<br \/>T\u00fcrkiye\u2019nin d\u00f6rd\u00fcnc\u00fc b\u00fcy\u00fck g\u00f6l\u00fc olan, Isparta\u2019n\u0131n E\u011firdir il\u00e7esinde bulunan ve &#8220;yedi renkli g\u00f6l&#8221; olarak bilinen E\u011firdir G\u00f6l\u00fc, son y\u0131llarda ya\u015fanan kurakl\u0131kla m\u00fccadele ediyor. Kafile, bu zorlu s\u00fcre\u00e7te E\u011firdir G\u00f6l\u00fc\u2019ne hayat verecek ya\u011fmurun ya\u011fmas\u0131 i\u00e7in Arafat\u2019ta dua etti.<\/p>\n<p>&#8220;Allah\u2019\u0131m Isparta\u2019m\u0131z\u0131 E\u011firdir G\u00f6l\u00fcm\u00fcz\u00fc ya\u011fmurla sula&#8221;<br \/>\n<br \/>Emekli \u0130mam Arif Ero\u011flu\u2019nun \u00f6nc\u00fcl\u00fc\u011f\u00fcnde yap\u0131lan duada, eller semaya a\u00e7\u0131ld\u0131. Ero\u011flu, dualar\u0131nda \u015fu ifadeleri kulland\u0131: &#8220;Allah\u2019\u0131m bizlere bereketli bir ya\u011fmur ihsan eyle. Allah\u2019\u0131m bizi ya\u011fmurla sula, bizi karla sula. G\u00f6llerimizi, da\u011flar\u0131m\u0131z\u0131 karla doldur. T\u00fcrkiye\u2019mizi, Isparta\u2019m\u0131z\u0131 E\u011firdir G\u00f6l\u00fcm\u00fcz\u00fc ya\u011fmurla sula, karla g\u00f6llerimizi doldur Allah\u2019\u0131m. Dualar\u0131m\u0131z\u0131n kabul oldu\u011fu Arafat Da\u011f\u0131nda sana yalvar\u0131yoruz: Ya\u011fmurumuzu, suyumuzu g\u00f6nder Allah\u2019\u0131m. Dualar\u0131m\u0131z\u0131 kabul eyle Allah\u2019\u0131m.&#8221;<br \/><\/p>\n","protected":false},"excerpt":{"rendered":"<p>Umre ziyaretleri i\u00e7in Mekke\u2019ye giden E\u011firdir\u2019li bir kafile, Arafat Da\u011f\u0131\u2019nda E\u011firdir G\u00f6l\u00fc i\u00e7in ya\u011fmur duas\u0131 etti. T\u00fcrkiye\u2019nin d\u00f6rd\u00fcnc\u00fc b\u00fcy\u00fck g\u00f6l\u00fc olan, Isparta\u2019n\u0131n E\u011firdir il\u00e7esinde bulunan ve &#8220;yedi renkli g\u00f6l&#8221; olarak bilinen E\u011firdir G\u00f6l\u00fc, son y\u0131llarda ya\u015fanan kurakl\u0131kla m\u00fccadele ediyor. Kafile, bu zorlu s\u00fcre\u00e7te E\u011firdir G\u00f6l\u00fc\u2019ne hayat verecek ya\u011fmurun ya\u011fmas\u0131 i\u00e7in Arafat\u2019ta dua etti. &#8220;Allah\u2019\u0131m Isparta\u2019m\u0131z\u0131&#8230;<\/p>\n","protected":false},"author":1,"featured_media":17098,"comment_status":"open","ping_status":"open","sticky":false,"template":"","format":"standard","meta":{"_crdt_document":"","footnotes":""},"categories":[123],"tags":[],"class_list":["post-17097","post","type-post","status-publish","format-standard","has-post-thumbnail","hentry","category-gundem"],"_links":{"self":[{"href":"https:\/\/www.egemtv.com\/index.php?rest_route=\/wp\/v2\/posts\/17097","targetHints":{"allow":["GET"]}}],"collection":[{"href":"https:\/\/www.egemtv.com\/index.php?rest_route=\/wp\/v2\/posts"}],"about":[{"href":"https:\/\/www.egemtv.com\/index.php?rest_route=\/wp\/v2\/types\/post"}],"author":[{"embeddable":true,"href":"https:\/\/www.egemtv.com\/index.php?rest_route=\/wp\/v2\/users\/1"}],"replies":[{"embeddable":true,"href":"https:\/\/www.egemtv.com\/index.php?rest_route=%2Fwp%2Fv2%2Fcomments&post=17097"}],"version-history":[{"count":1,"href":"https:\/\/www.egemtv.com\/index.php?rest_route=\/wp\/v2\/posts\/17097\/revisions"}],"predecessor-version":[{"id":17099,"href":"https:\/\/www.egemtv.com\/index.php?rest_route=\/wp\/v2\/posts\/17097\/revisions\/17099"}],"wp:featuredmedia":[{"embeddable":true,"href":"https:\/\/www.egemtv.com\/index.php?rest_route=\/wp\/v2\/media\/17098"}],"wp:attachment":[{"href":"https:\/\/www.egemtv.com\/index.php?rest_route=%2Fwp%2Fv2%2Fmedia&parent=17097"}],"wp:term":[{"taxonomy":"category","embeddable":true,"href":"https:\/\/www.egemtv.com\/index.php?rest_route=%2Fwp%2Fv2%2Fcategories&post=17097"},{"taxonomy":"post_tag","embeddable":true,"href":"https:\/\/www.egemtv.com\/index.php?rest_route=%2Fwp%2Fv2%2Ftags&post=17097"}],"curies":[{"name":"wp","href":"https:\/\/api.w.org\/{rel}","templated":true}]}}