{"id":17094,"date":"2025-02-08T13:52:50","date_gmt":"2025-02-08T10:52:50","guid":{"rendered":"https:\/\/www.egemtv.com\/?p=17094"},"modified":"2025-02-08T13:52:56","modified_gmt":"2025-02-08T10:52:56","slug":"ege-bolgesi-muaythai-sampiyonasi-afyonkarahisarda-basladi","status":"publish","type":"post","link":"https:\/\/www.egemtv.com\/?p=17094","title":{"rendered":"Ege B\u00f6lgesi Muaythai \u015eampiyonas\u0131 Afyonkarahisar\u2019da ba\u015flad\u0131"},"content":{"rendered":"<p>T\u00fcrkiye Muaythai Federasyonu taraf\u0131ndan d\u00fczenlenen Ege B\u00f6lgesi Muaythai \u015eampiyonas\u0131 Afyonkarahisar\u2019da ba\u015flad\u0131.<br \/>\n<br \/>\u015eampiyonada, b\u00f6lgedeki en iyi muaythai sporcular\u0131, \u015fampiyonluk i\u00e7in k\u0131yas\u0131ya m\u00fccadele edecek. Ege B\u00f6lgesi\u2019nin d\u00f6rt bir yan\u0131ndan gelen 255 sporcu, farkl\u0131 s\u0131klet kategorilerinde yar\u0131\u015facak. Gen\u00e7 yetenekler, b\u00f6lge \u015fampiyonu olabilmek i\u00e7in ter d\u00f6kecek.<br \/>\n<br \/>\u015eampiyonan\u0131n a\u00e7\u0131l\u0131\u015f seremonisi, \u00c7i\u011filtepe Spor Salonu\u2019nda yap\u0131ld\u0131. A\u00e7\u0131l\u0131\u015fta, sporcular\u0131n yan\u0131 s\u0131ra davetliler de b\u00fcy\u00fck bir heyecanla yer ald\u0131. Ege B\u00f6lgesi Muaythai \u015eampiyonas\u0131\u2019n\u0131n a\u00e7\u0131l\u0131\u015f seremonisine; Afyonkarahisar Gen\u00e7lik ve Spor \u0130l M\u00fcd\u00fcr\u00fc \u0130smail Hakk\u0131 Kasapo\u011flu, Muaythai Federasyonu Ba\u015fkan Vekili Korkmaz Atalay, Spor Hizmetleri M\u00fcd\u00fcr\u00fc Y\u0131lmaz Er\u015fen ve \u0130l Temsilcisi Serdar \u015eanl\u0131 kat\u0131ld\u0131.<br \/>\n<br \/>A\u00e7\u0131l\u0131\u015fta konu\u015fan Afyonkarahisar Gen\u00e7lik ve Spor \u0130l M\u00fcd\u00fcr\u00fc \u0130smail Hakk\u0131 Kasapo\u011flu, \u015fampiyonan\u0131n b\u00f6lge sporcular\u0131 i\u00e7in b\u00fcy\u00fck \u00f6nem ta\u015f\u0131d\u0131\u011f\u0131n\u0131 belirtti.<br \/><\/p>\n","protected":false},"excerpt":{"rendered":"<p>T\u00fcrkiye Muaythai Federasyonu taraf\u0131ndan d\u00fczenlenen Ege B\u00f6lgesi Muaythai \u015eampiyonas\u0131 Afyonkarahisar\u2019da ba\u015flad\u0131. \u015eampiyonada, b\u00f6lgedeki en iyi muaythai sporcular\u0131, \u015fampiyonluk i\u00e7in k\u0131yas\u0131ya m\u00fccadele edecek. Ege B\u00f6lgesi\u2019nin d\u00f6rt bir yan\u0131ndan gelen 255 sporcu, farkl\u0131 s\u0131klet kategorilerinde yar\u0131\u015facak. Gen\u00e7 yetenekler, b\u00f6lge \u015fampiyonu olabilmek i\u00e7in ter d\u00f6kecek. \u015eampiyonan\u0131n a\u00e7\u0131l\u0131\u015f seremonisi, \u00c7i\u011filtepe Spor Salonu\u2019nda yap\u0131ld\u0131. A\u00e7\u0131l\u0131\u015fta, sporcular\u0131n yan\u0131 s\u0131ra davetliler de&#8230;<\/p>\n","protected":false},"author":1,"featured_media":17095,"comment_status":"open","ping_status":"open","sticky":false,"template":"","format":"standard","meta":{"_crdt_document":"","footnotes":""},"categories":[4],"tags":[],"class_list":["post-17094","post","type-post","status-publish","format-standard","has-post-thumbnail","hentry","category-spor"],"_links":{"self":[{"href":"https:\/\/www.egemtv.com\/index.php?rest_route=\/wp\/v2\/posts\/17094","targetHints":{"allow":["GET"]}}],"collection":[{"href":"https:\/\/www.egemtv.com\/index.php?rest_route=\/wp\/v2\/posts"}],"about":[{"href":"https:\/\/www.egemtv.com\/index.php?rest_route=\/wp\/v2\/types\/post"}],"author":[{"embeddable":true,"href":"https:\/\/www.egemtv.com\/index.php?rest_route=\/wp\/v2\/users\/1"}],"replies":[{"embeddable":true,"href":"https:\/\/www.egemtv.com\/index.php?rest_route=%2Fwp%2Fv2%2Fcomments&post=17094"}],"version-history":[{"count":1,"href":"https:\/\/www.egemtv.com\/index.php?rest_route=\/wp\/v2\/posts\/17094\/revisions"}],"predecessor-version":[{"id":17096,"href":"https:\/\/www.egemtv.com\/index.php?rest_route=\/wp\/v2\/posts\/17094\/revisions\/17096"}],"wp:featuredmedia":[{"embeddable":true,"href":"https:\/\/www.egemtv.com\/index.php?rest_route=\/wp\/v2\/media\/17095"}],"wp:attachment":[{"href":"https:\/\/www.egemtv.com\/index.php?rest_route=%2Fwp%2Fv2%2Fmedia&parent=17094"}],"wp:term":[{"taxonomy":"category","embeddable":true,"href":"https:\/\/www.egemtv.com\/index.php?rest_route=%2Fwp%2Fv2%2Fcategories&post=17094"},{"taxonomy":"post_tag","embeddable":true,"href":"https:\/\/www.egemtv.com\/index.php?rest_route=%2Fwp%2Fv2%2Ftags&post=17094"}],"curies":[{"name":"wp","href":"https:\/\/api.w.org\/{rel}","templated":true}]}}