{"id":17073,"date":"2025-02-08T13:32:34","date_gmt":"2025-02-08T10:32:34","guid":{"rendered":"https:\/\/www.egemtv.com\/?p=17073"},"modified":"2025-02-08T13:32:38","modified_gmt":"2025-02-08T10:32:38","slug":"sokeli-basketciler-namaglup-sampiyon-oldu","status":"publish","type":"post","link":"https:\/\/www.egemtv.com\/?p=17073","title":{"rendered":"S\u00f6keli basketciler nama\u011flup \u015fampiyon oldu"},"content":{"rendered":"<p>Basketbol Ligi\u2019nde erkekler kategorisinde bu sezon 5 farkl\u0131 kategori oynan\u0131rken, \u015fampiyonas\u0131 bulunan 3 kategoride de S\u00f6ke Basket nama\u011flup \u015fampiyon oldu.<\/p>\n<p>U14, U16 ve U18 Erkekler kategorilerinde \u015fampiyonluk ipini g\u00f6\u011f\u00fcsleyen S\u00f6ke Basket Kul\u00fcb\u00fc, b\u00f6lge \u015fampiyonalar\u0131nda Ayd\u0131n\u2019\u0131 temsil etmeye hak kazand\u0131. U14 Erkekler tak\u0131m\u0131, Manisa\u2019da d\u00fczenlenen b\u00f6lge \u015fampiyonas\u0131nda g\u00f6sterdi\u011fi performansla da dikkat \u00e7ekti. Turnuvada Afyon\u2019u 10 say\u0131 farkla, \u00c7a\u011fda\u015f Bodrum\u2019u ise 15 say\u0131 farkla ma\u011flup eden S\u00f6ke ekibi, ev sahibi Manisa\u2019ya ise 60-59\u2019l\u00fck skorla sadece 1 say\u0131 farkla kaybetti. \u015eampiyonas\u0131 bulunmayan kategorilerde de \u00f6nemli ba\u015far\u0131lar elde edilirken, kul\u00fcp B\u00fcy\u00fck Erkek Ligi ve U14 Geli\u015fim Ligi\u2019nde final oynayarak ikinci oldu.<\/p>\n<p>S\u00f6ke Basket B\u00fcy\u00fck Erkekler Tak\u0131m\u0131 bu sezon T\u00fcrkiye Basketbol Federasyonu taraf\u0131ndan d\u00fczenlenen Erkekler Basketbol B\u00f6lgesel Ligi\u2019ne (EBBL) Ayd\u0131n ilinden y\u00fckselen tek ekip olma unvan\u0131n\u0131 kazan\u0131rken, 8-9 Mart tarihlerinde ba\u015flayacak olan ligde kul\u00fcp hem il\u00e7eyi hem de Ayd\u0131n\u2019\u0131 temsil edecek.<\/p>\n<p>Kul\u00fcp Antren\u00f6r\u00fc Bar\u0131\u015f Koyuncuo\u011flu, &#8220;\u015eehrin tak\u0131m\u0131, \u015fehrin oyuncular\u0131 ile sahada b\u00fcy\u00fck bir m\u00fccadele ortaya koydu. T\u00fcm kategorilerde ba\u015far\u0131y\u0131 yakalayan teknik heyetimizin her bir bireyini, t\u00fcm sporcular\u0131m\u0131z\u0131 ayr\u0131 ayr\u0131 kutluyorum. Basketbol bran\u015f\u0131nda il\u00e7emiz ve Ayd\u0131n ilimize b\u00fcy\u00fck gurur ya\u015fatt\u0131\u011f\u0131m\u0131z\u0131 d\u00fc\u015f\u00fcn\u00fcyorum. Ancak biraz daha ilgiye ihtiyac\u0131m\u0131z oldu\u011fu da a\u00e7\u0131k. Bu ba\u015far\u0131lar\u0131m\u0131z\u0131 payla\u015f\u0131yor olmaktan gurur duyuyorum&#8221; dedi.<br \/><\/p>\n","protected":false},"excerpt":{"rendered":"<p>Basketbol Ligi\u2019nde erkekler kategorisinde bu sezon 5 farkl\u0131 kategori oynan\u0131rken, \u015fampiyonas\u0131 bulunan 3 kategoride de S\u00f6ke Basket nama\u011flup \u015fampiyon oldu. U14, U16 ve U18 Erkekler kategorilerinde \u015fampiyonluk ipini g\u00f6\u011f\u00fcsleyen S\u00f6ke Basket Kul\u00fcb\u00fc, b\u00f6lge \u015fampiyonalar\u0131nda Ayd\u0131n\u2019\u0131 temsil etmeye hak kazand\u0131. U14 Erkekler tak\u0131m\u0131, Manisa\u2019da d\u00fczenlenen b\u00f6lge \u015fampiyonas\u0131nda g\u00f6sterdi\u011fi performansla da dikkat \u00e7ekti. Turnuvada Afyon\u2019u 10 say\u0131&#8230;<\/p>\n","protected":false},"author":1,"featured_media":17074,"comment_status":"open","ping_status":"open","sticky":false,"template":"","format":"standard","meta":{"_crdt_document":"","footnotes":""},"categories":[4],"tags":[],"class_list":["post-17073","post","type-post","status-publish","format-standard","has-post-thumbnail","hentry","category-spor"],"_links":{"self":[{"href":"https:\/\/www.egemtv.com\/index.php?rest_route=\/wp\/v2\/posts\/17073","targetHints":{"allow":["GET"]}}],"collection":[{"href":"https:\/\/www.egemtv.com\/index.php?rest_route=\/wp\/v2\/posts"}],"about":[{"href":"https:\/\/www.egemtv.com\/index.php?rest_route=\/wp\/v2\/types\/post"}],"author":[{"embeddable":true,"href":"https:\/\/www.egemtv.com\/index.php?rest_route=\/wp\/v2\/users\/1"}],"replies":[{"embeddable":true,"href":"https:\/\/www.egemtv.com\/index.php?rest_route=%2Fwp%2Fv2%2Fcomments&post=17073"}],"version-history":[{"count":1,"href":"https:\/\/www.egemtv.com\/index.php?rest_route=\/wp\/v2\/posts\/17073\/revisions"}],"predecessor-version":[{"id":17075,"href":"https:\/\/www.egemtv.com\/index.php?rest_route=\/wp\/v2\/posts\/17073\/revisions\/17075"}],"wp:featuredmedia":[{"embeddable":true,"href":"https:\/\/www.egemtv.com\/index.php?rest_route=\/wp\/v2\/media\/17074"}],"wp:attachment":[{"href":"https:\/\/www.egemtv.com\/index.php?rest_route=%2Fwp%2Fv2%2Fmedia&parent=17073"}],"wp:term":[{"taxonomy":"category","embeddable":true,"href":"https:\/\/www.egemtv.com\/index.php?rest_route=%2Fwp%2Fv2%2Fcategories&post=17073"},{"taxonomy":"post_tag","embeddable":true,"href":"https:\/\/www.egemtv.com\/index.php?rest_route=%2Fwp%2Fv2%2Ftags&post=17073"}],"curies":[{"name":"wp","href":"https:\/\/api.w.org\/{rel}","templated":true}]}}