{"id":17070,"date":"2025-02-08T13:32:28","date_gmt":"2025-02-08T10:32:28","guid":{"rendered":"https:\/\/www.egemtv.com\/?p=17070"},"modified":"2025-02-08T13:32:34","modified_gmt":"2025-02-08T10:32:34","slug":"sandikli-kulturel-kalkinma-projesi-tanitim-toplantisi-yapildi","status":"publish","type":"post","link":"https:\/\/www.egemtv.com\/?p=17070","title":{"rendered":"Sand\u0131kl\u0131 \u2018k\u00fclt\u00fcrel kalk\u0131nma projesi\u2019 tan\u0131t\u0131m toplant\u0131s\u0131 yap\u0131ld\u0131"},"content":{"rendered":"<p>\u0130\u00e7i\u015fleri Bakanl\u0131\u011f\u0131 Sivil Toplumla \u0130li\u015fkiler Genel M\u00fcd\u00fcrl\u00fc\u011f\u00fc taraf\u0131ndan onaylanan Sand\u0131kl\u0131 il\u00e7esinin \u2018k\u00fclt\u00fcrel kalk\u0131nma projesi\u2019 tan\u0131t\u0131m toplant\u0131s\u0131 ger\u00e7ekle\u015ftirildi.<br \/>\n<br \/>Sand\u0131kl\u0131 100. Y\u0131l Halk K\u00fct\u00fcphanesi konferans salonunda ger\u00e7ekle\u015ftirilen tan\u0131t\u0131m toplant\u0131s\u0131 Afyonkarahisar Valili\u011fi ve Sand\u0131kl\u0131 \u0130l\u00e7esini Kalk\u0131nd\u0131rma Derne\u011fi taraf\u0131ndan imzalanan protokol \u00e7er\u00e7evesinde y\u00fcr\u00fct\u00fclecek.<br \/>\n<br \/>Sand\u0131kl\u0131 Kaymakaml\u0131\u011f\u0131, Sand\u0131kl\u0131 Belediyesi, \u0130l\u00e7e Milli E\u011fitim M\u00fcd\u00fcrl\u00fc\u011f\u00fc ve Sand\u0131kl\u0131 K\u00fclt\u00fcr Varl\u0131klar\u0131n\u0131 Koruma ve Ya\u015fatma Derne\u011finin ortak oldu\u011fu proje toplant\u0131s\u0131na Belediye Ba\u015fkan\u0131 Adnan \u00d6zta\u015f, \u0130l\u00e7e Milli E\u011fitim M\u00fcd\u00fcr\u00fc H\u00fcseyin Ero\u011flu, \u015eube M\u00fcd\u00fcr\u00fc Himmet Serbes, Sand\u0131kl\u0131 \u0130l\u00e7esini Kalk\u0131nd\u0131rma Derne\u011fi Ba\u015fkan\u0131 Cem Yavuz, protokol \u00fcyeleri, okul m\u00fcd\u00fcrleri ve \u00f6\u011fretmenler kat\u0131ld\u0131.<br \/><\/p>\n","protected":false},"excerpt":{"rendered":"<p>\u0130\u00e7i\u015fleri Bakanl\u0131\u011f\u0131 Sivil Toplumla \u0130li\u015fkiler Genel M\u00fcd\u00fcrl\u00fc\u011f\u00fc taraf\u0131ndan onaylanan Sand\u0131kl\u0131 il\u00e7esinin \u2018k\u00fclt\u00fcrel kalk\u0131nma projesi\u2019 tan\u0131t\u0131m toplant\u0131s\u0131 ger\u00e7ekle\u015ftirildi. Sand\u0131kl\u0131 100. Y\u0131l Halk K\u00fct\u00fcphanesi konferans salonunda ger\u00e7ekle\u015ftirilen tan\u0131t\u0131m toplant\u0131s\u0131 Afyonkarahisar Valili\u011fi ve Sand\u0131kl\u0131 \u0130l\u00e7esini Kalk\u0131nd\u0131rma Derne\u011fi taraf\u0131ndan imzalanan protokol \u00e7er\u00e7evesinde y\u00fcr\u00fct\u00fclecek. Sand\u0131kl\u0131 Kaymakaml\u0131\u011f\u0131, Sand\u0131kl\u0131 Belediyesi, \u0130l\u00e7e Milli E\u011fitim M\u00fcd\u00fcrl\u00fc\u011f\u00fc ve Sand\u0131kl\u0131 K\u00fclt\u00fcr Varl\u0131klar\u0131n\u0131 Koruma ve Ya\u015fatma Derne\u011finin&#8230;<\/p>\n","protected":false},"author":1,"featured_media":17071,"comment_status":"open","ping_status":"open","sticky":false,"template":"","format":"standard","meta":{"_crdt_document":"","footnotes":""},"categories":[1],"tags":[],"class_list":["post-17070","post","type-post","status-publish","format-standard","has-post-thumbnail","hentry","category-guncel"],"_links":{"self":[{"href":"https:\/\/www.egemtv.com\/index.php?rest_route=\/wp\/v2\/posts\/17070","targetHints":{"allow":["GET"]}}],"collection":[{"href":"https:\/\/www.egemtv.com\/index.php?rest_route=\/wp\/v2\/posts"}],"about":[{"href":"https:\/\/www.egemtv.com\/index.php?rest_route=\/wp\/v2\/types\/post"}],"author":[{"embeddable":true,"href":"https:\/\/www.egemtv.com\/index.php?rest_route=\/wp\/v2\/users\/1"}],"replies":[{"embeddable":true,"href":"https:\/\/www.egemtv.com\/index.php?rest_route=%2Fwp%2Fv2%2Fcomments&post=17070"}],"version-history":[{"count":1,"href":"https:\/\/www.egemtv.com\/index.php?rest_route=\/wp\/v2\/posts\/17070\/revisions"}],"predecessor-version":[{"id":17072,"href":"https:\/\/www.egemtv.com\/index.php?rest_route=\/wp\/v2\/posts\/17070\/revisions\/17072"}],"wp:featuredmedia":[{"embeddable":true,"href":"https:\/\/www.egemtv.com\/index.php?rest_route=\/wp\/v2\/media\/17071"}],"wp:attachment":[{"href":"https:\/\/www.egemtv.com\/index.php?rest_route=%2Fwp%2Fv2%2Fmedia&parent=17070"}],"wp:term":[{"taxonomy":"category","embeddable":true,"href":"https:\/\/www.egemtv.com\/index.php?rest_route=%2Fwp%2Fv2%2Fcategories&post=17070"},{"taxonomy":"post_tag","embeddable":true,"href":"https:\/\/www.egemtv.com\/index.php?rest_route=%2Fwp%2Fv2%2Ftags&post=17070"}],"curies":[{"name":"wp","href":"https:\/\/api.w.org\/{rel}","templated":true}]}}