{"id":17064,"date":"2025-02-08T13:15:36","date_gmt":"2025-02-08T10:15:36","guid":{"rendered":"https:\/\/www.egemtv.com\/?p=17064"},"modified":"2025-02-08T13:15:40","modified_gmt":"2025-02-08T10:15:40","slug":"jandarma-ekipleri-sehit-ailelerini-yalniz-birakmiyor","status":"publish","type":"post","link":"https:\/\/www.egemtv.com\/?p=17064","title":{"rendered":"Jandarma ekipleri \u015fehit ailelerini yaln\u0131z b\u0131rakm\u0131yor"},"content":{"rendered":"<p>Ayd\u0131n\u2019\u0131n \u00c7ine il\u00e7esinde jandarma ekipleri \u015fehit ailelerini ziyaret etti.<\/p>\n<p>\u00c7ine \u0130l\u00e7e Jandarma Komutanl\u0131\u011f\u0131 taraf\u0131ndan \u00c7ine il\u00e7esinde \u015eehit J. Uzm. \u00c7v\u015f. Muammer Keskin ve \u015eehit J. Uzm. \u00c7v\u015f. S\u00fcleyman G\u00fcneri\u2019nin ailelerini \u00c7ine Sosyal Hizmetler M\u00fcd\u00fcrl\u00fc\u011f\u00fc ve \u00c7ine \u0130l\u00e7e M\u00fcft\u00fcl\u00fc\u011f\u00fc personeli birlikte ziyaret etti. \u015eehit J. Uzm. \u00c7v\u015f. G\u00fcneri\u2019nin ameliyat olan k\u0131ymetli ailesine ge\u00e7mi\u015f olsun dileklerini ileten ekipler, \u015fehitlerin fedakarl\u0131\u011f\u0131n\u0131 ve ideallerini asla unutulmayaca\u011f\u0131n\u0131 ifade ederek ailelere ziyaretlerini s\u00fcrd\u00fcr\u00fclece\u011fini belirtti.<br \/><\/p>\n","protected":false},"excerpt":{"rendered":"<p>Ayd\u0131n\u2019\u0131n \u00c7ine il\u00e7esinde jandarma ekipleri \u015fehit ailelerini ziyaret etti. \u00c7ine \u0130l\u00e7e Jandarma Komutanl\u0131\u011f\u0131 taraf\u0131ndan \u00c7ine il\u00e7esinde \u015eehit J. Uzm. \u00c7v\u015f. Muammer Keskin ve \u015eehit J. Uzm. \u00c7v\u015f. S\u00fcleyman G\u00fcneri\u2019nin ailelerini \u00c7ine Sosyal Hizmetler M\u00fcd\u00fcrl\u00fc\u011f\u00fc ve \u00c7ine \u0130l\u00e7e M\u00fcft\u00fcl\u00fc\u011f\u00fc personeli birlikte ziyaret etti. \u015eehit J. Uzm. \u00c7v\u015f. G\u00fcneri\u2019nin ameliyat olan k\u0131ymetli ailesine ge\u00e7mi\u015f olsun dileklerini ileten&#8230;<\/p>\n","protected":false},"author":1,"featured_media":17065,"comment_status":"open","ping_status":"open","sticky":false,"template":"","format":"standard","meta":{"_crdt_document":"","footnotes":""},"categories":[5],"tags":[],"class_list":["post-17064","post","type-post","status-publish","format-standard","has-post-thumbnail","hentry","category-asayis"],"_links":{"self":[{"href":"https:\/\/www.egemtv.com\/index.php?rest_route=\/wp\/v2\/posts\/17064","targetHints":{"allow":["GET"]}}],"collection":[{"href":"https:\/\/www.egemtv.com\/index.php?rest_route=\/wp\/v2\/posts"}],"about":[{"href":"https:\/\/www.egemtv.com\/index.php?rest_route=\/wp\/v2\/types\/post"}],"author":[{"embeddable":true,"href":"https:\/\/www.egemtv.com\/index.php?rest_route=\/wp\/v2\/users\/1"}],"replies":[{"embeddable":true,"href":"https:\/\/www.egemtv.com\/index.php?rest_route=%2Fwp%2Fv2%2Fcomments&post=17064"}],"version-history":[{"count":1,"href":"https:\/\/www.egemtv.com\/index.php?rest_route=\/wp\/v2\/posts\/17064\/revisions"}],"predecessor-version":[{"id":17066,"href":"https:\/\/www.egemtv.com\/index.php?rest_route=\/wp\/v2\/posts\/17064\/revisions\/17066"}],"wp:featuredmedia":[{"embeddable":true,"href":"https:\/\/www.egemtv.com\/index.php?rest_route=\/wp\/v2\/media\/17065"}],"wp:attachment":[{"href":"https:\/\/www.egemtv.com\/index.php?rest_route=%2Fwp%2Fv2%2Fmedia&parent=17064"}],"wp:term":[{"taxonomy":"category","embeddable":true,"href":"https:\/\/www.egemtv.com\/index.php?rest_route=%2Fwp%2Fv2%2Fcategories&post=17064"},{"taxonomy":"post_tag","embeddable":true,"href":"https:\/\/www.egemtv.com\/index.php?rest_route=%2Fwp%2Fv2%2Ftags&post=17064"}],"curies":[{"name":"wp","href":"https:\/\/api.w.org\/{rel}","templated":true}]}}