{"id":17061,"date":"2025-02-08T13:10:52","date_gmt":"2025-02-08T10:10:52","guid":{"rendered":"https:\/\/www.egemtv.com\/?p=17061"},"modified":"2025-02-08T13:10:57","modified_gmt":"2025-02-08T10:10:57","slug":"teror-orgutu-uyeliginden-hapis-cezasi-bulunan-sahis-yakalandi","status":"publish","type":"post","link":"https:\/\/www.egemtv.com\/?p=17061","title":{"rendered":"Ter\u00f6r \u00f6rg\u00fct\u00fc \u00fcyeli\u011finden hapis cezas\u0131 bulunan \u015fah\u0131s yakaland\u0131"},"content":{"rendered":"<p>Mu\u011fla\u2019n\u0131n Ortaca il\u00e7esinde silahl\u0131 ter\u00f6r \u00f6rg\u00fct\u00fcne \u00fcye olmak su\u00e7undan 6 y\u0131l 3 ay kesinle\u015fmi\u015f hapis cezas\u0131 bulunan \u015fah\u0131s yakaland\u0131.<br \/>\n<br \/>Mu\u011fla Emniyet M\u00fcd\u00fcrl\u00fc \u0130stihbarat \u015eube M\u00fcd\u00fcrl\u00fc\u011f\u00fc, Ter\u00f6rle M\u00fccadele \u015eube M\u00fcd\u00fcrl\u00fc\u011f\u00fc ve Ortaca \u0130l\u00e7e Emniyet M\u00fcd\u00fcrl\u00fc\u011f\u00fcn\u00fcn ortak \u00e7al\u0131\u015fmas\u0131 sonucunda Mu\u011fla A\u011f\u0131r Ceza \u0130lamat masas\u0131nca silahl\u0131 ter\u00f6r \u00f6rg\u00fct\u00fcne \u00fcye olma su\u00e7undan 6 y\u0131l 3 ay hapis cezas\u0131 olan \u015f\u00fcpheli \u015fah\u0131s\u0131n Ortaca il\u00e7esinde oldu\u011fu tespit edildi.<br \/>\n<br \/>Ger\u00e7ekle\u015ftirilen operasyonda yakalanan \u015fah\u0131s Seydikemer-E\u015fen T tipi Kapal\u0131 Ceza \u0130nfaz Kurumu\u2019na teslim edildi.<br \/><\/p>\n","protected":false},"excerpt":{"rendered":"<p>Mu\u011fla\u2019n\u0131n Ortaca il\u00e7esinde silahl\u0131 ter\u00f6r \u00f6rg\u00fct\u00fcne \u00fcye olmak su\u00e7undan 6 y\u0131l 3 ay kesinle\u015fmi\u015f hapis cezas\u0131 bulunan \u015fah\u0131s yakaland\u0131. Mu\u011fla Emniyet M\u00fcd\u00fcrl\u00fc \u0130stihbarat \u015eube M\u00fcd\u00fcrl\u00fc\u011f\u00fc, Ter\u00f6rle M\u00fccadele \u015eube M\u00fcd\u00fcrl\u00fc\u011f\u00fc ve Ortaca \u0130l\u00e7e Emniyet M\u00fcd\u00fcrl\u00fc\u011f\u00fcn\u00fcn ortak \u00e7al\u0131\u015fmas\u0131 sonucunda Mu\u011fla A\u011f\u0131r Ceza \u0130lamat masas\u0131nca silahl\u0131 ter\u00f6r \u00f6rg\u00fct\u00fcne \u00fcye olma su\u00e7undan 6 y\u0131l 3 ay hapis cezas\u0131 olan&#8230;<\/p>\n","protected":false},"author":1,"featured_media":17062,"comment_status":"open","ping_status":"open","sticky":false,"template":"","format":"standard","meta":{"_crdt_document":"","footnotes":""},"categories":[5],"tags":[],"class_list":["post-17061","post","type-post","status-publish","format-standard","has-post-thumbnail","hentry","category-asayis"],"_links":{"self":[{"href":"https:\/\/www.egemtv.com\/index.php?rest_route=\/wp\/v2\/posts\/17061","targetHints":{"allow":["GET"]}}],"collection":[{"href":"https:\/\/www.egemtv.com\/index.php?rest_route=\/wp\/v2\/posts"}],"about":[{"href":"https:\/\/www.egemtv.com\/index.php?rest_route=\/wp\/v2\/types\/post"}],"author":[{"embeddable":true,"href":"https:\/\/www.egemtv.com\/index.php?rest_route=\/wp\/v2\/users\/1"}],"replies":[{"embeddable":true,"href":"https:\/\/www.egemtv.com\/index.php?rest_route=%2Fwp%2Fv2%2Fcomments&post=17061"}],"version-history":[{"count":1,"href":"https:\/\/www.egemtv.com\/index.php?rest_route=\/wp\/v2\/posts\/17061\/revisions"}],"predecessor-version":[{"id":17063,"href":"https:\/\/www.egemtv.com\/index.php?rest_route=\/wp\/v2\/posts\/17061\/revisions\/17063"}],"wp:featuredmedia":[{"embeddable":true,"href":"https:\/\/www.egemtv.com\/index.php?rest_route=\/wp\/v2\/media\/17062"}],"wp:attachment":[{"href":"https:\/\/www.egemtv.com\/index.php?rest_route=%2Fwp%2Fv2%2Fmedia&parent=17061"}],"wp:term":[{"taxonomy":"category","embeddable":true,"href":"https:\/\/www.egemtv.com\/index.php?rest_route=%2Fwp%2Fv2%2Fcategories&post=17061"},{"taxonomy":"post_tag","embeddable":true,"href":"https:\/\/www.egemtv.com\/index.php?rest_route=%2Fwp%2Fv2%2Ftags&post=17061"}],"curies":[{"name":"wp","href":"https:\/\/api.w.org\/{rel}","templated":true}]}}