{"id":17058,"date":"2025-02-08T13:10:47","date_gmt":"2025-02-08T10:10:47","guid":{"rendered":"https:\/\/www.egemtv.com\/?p=17058"},"modified":"2025-02-08T13:10:51","modified_gmt":"2025-02-08T10:10:51","slug":"hakkinda-5-yil-hapis-cezasi-bulunan-sahis-jandarmaya-takildi","status":"publish","type":"post","link":"https:\/\/www.egemtv.com\/?p=17058","title":{"rendered":"Hakk\u0131nda 5 y\u0131l hapis cezas\u0131 bulunan \u015fah\u0131s jandarmaya tak\u0131ld\u0131"},"content":{"rendered":"<p>Ayd\u0131n\u2019\u0131n Ku\u015fadas\u0131 il\u00e7esinde jandarma ekipleri taraf\u0131ndan ger\u00e7ekle\u015ftirilen operasyonda hakk\u0131nda 5 y\u0131l 8 ay 22 g\u00fcn kesinle\u015fmi\u015f hapis cezas\u0131 bulunan \u015fah\u0131s yakaland\u0131.<\/p>\n<p>Ayd\u0131n\u2019da jandarma ekipleri vatanda\u015flar\u0131n huzur ve g\u00fcvenli\u011fi i\u00e7in \u00e7al\u0131\u015fmalar\u0131n\u0131 s\u00fcrd\u00fcr\u00fcrken aranan \u015fah\u0131slara kar\u015f\u0131 d\u00fczenledi\u011fi operasyonlarla su\u00e7 ve su\u00e7lara g\u00f6z a\u00e7t\u0131rm\u0131yor. Edinilen bilgiye g\u00f6re, Ku\u015fadas\u0131 \u0130l\u00e7e Jandarma Komutanl\u0131\u011f\u0131 JASAT ekiplerince aranan \u015fah\u0131slara y\u00f6nelik \u00e7al\u0131\u015fmalarda \u2019kasten \u00f6ld\u00fcrme\u2019 su\u00e7undan aranan ve hakk\u0131nda 5 y\u0131l 8 ay 22 g\u00fcn kesinle\u015fmi\u015f hapis cezas\u0131 bulunan O.T.\u2019nin sakland\u0131\u011f\u0131 yeri tespit eden ekipler operasyon d\u00fczenlendi. Operasyonda k\u0131sk\u0131vrak yakalanarak g\u00f6zalt\u0131na al\u0131nan O.T. adli i\u015flemlerinin ard\u0131ndan cezaevine teslim edildi.<br \/><\/p>\n","protected":false},"excerpt":{"rendered":"<p>Ayd\u0131n\u2019\u0131n Ku\u015fadas\u0131 il\u00e7esinde jandarma ekipleri taraf\u0131ndan ger\u00e7ekle\u015ftirilen operasyonda hakk\u0131nda 5 y\u0131l 8 ay 22 g\u00fcn kesinle\u015fmi\u015f hapis cezas\u0131 bulunan \u015fah\u0131s yakaland\u0131. Ayd\u0131n\u2019da jandarma ekipleri vatanda\u015flar\u0131n huzur ve g\u00fcvenli\u011fi i\u00e7in \u00e7al\u0131\u015fmalar\u0131n\u0131 s\u00fcrd\u00fcr\u00fcrken aranan \u015fah\u0131slara kar\u015f\u0131 d\u00fczenledi\u011fi operasyonlarla su\u00e7 ve su\u00e7lara g\u00f6z a\u00e7t\u0131rm\u0131yor. Edinilen bilgiye g\u00f6re, Ku\u015fadas\u0131 \u0130l\u00e7e Jandarma Komutanl\u0131\u011f\u0131 JASAT ekiplerince aranan \u015fah\u0131slara y\u00f6nelik \u00e7al\u0131\u015fmalarda \u2019kasten&#8230;<\/p>\n","protected":false},"author":1,"featured_media":17059,"comment_status":"open","ping_status":"open","sticky":false,"template":"","format":"standard","meta":{"_crdt_document":"","footnotes":""},"categories":[5],"tags":[],"class_list":["post-17058","post","type-post","status-publish","format-standard","has-post-thumbnail","hentry","category-asayis"],"_links":{"self":[{"href":"https:\/\/www.egemtv.com\/index.php?rest_route=\/wp\/v2\/posts\/17058","targetHints":{"allow":["GET"]}}],"collection":[{"href":"https:\/\/www.egemtv.com\/index.php?rest_route=\/wp\/v2\/posts"}],"about":[{"href":"https:\/\/www.egemtv.com\/index.php?rest_route=\/wp\/v2\/types\/post"}],"author":[{"embeddable":true,"href":"https:\/\/www.egemtv.com\/index.php?rest_route=\/wp\/v2\/users\/1"}],"replies":[{"embeddable":true,"href":"https:\/\/www.egemtv.com\/index.php?rest_route=%2Fwp%2Fv2%2Fcomments&post=17058"}],"version-history":[{"count":1,"href":"https:\/\/www.egemtv.com\/index.php?rest_route=\/wp\/v2\/posts\/17058\/revisions"}],"predecessor-version":[{"id":17060,"href":"https:\/\/www.egemtv.com\/index.php?rest_route=\/wp\/v2\/posts\/17058\/revisions\/17060"}],"wp:featuredmedia":[{"embeddable":true,"href":"https:\/\/www.egemtv.com\/index.php?rest_route=\/wp\/v2\/media\/17059"}],"wp:attachment":[{"href":"https:\/\/www.egemtv.com\/index.php?rest_route=%2Fwp%2Fv2%2Fmedia&parent=17058"}],"wp:term":[{"taxonomy":"category","embeddable":true,"href":"https:\/\/www.egemtv.com\/index.php?rest_route=%2Fwp%2Fv2%2Fcategories&post=17058"},{"taxonomy":"post_tag","embeddable":true,"href":"https:\/\/www.egemtv.com\/index.php?rest_route=%2Fwp%2Fv2%2Ftags&post=17058"}],"curies":[{"name":"wp","href":"https:\/\/api.w.org\/{rel}","templated":true}]}}