{"id":17055,"date":"2025-02-08T13:07:00","date_gmt":"2025-02-08T10:07:00","guid":{"rendered":"https:\/\/www.egemtv.com\/?p=17055"},"modified":"2025-02-08T13:07:06","modified_gmt":"2025-02-08T10:07:06","slug":"kusadasindaki-ozel-hastaneden-taburcu-edilen-hastanin-olmus-oldugu-ortaya-cikti","status":"publish","type":"post","link":"https:\/\/www.egemtv.com\/?p=17055","title":{"rendered":"Ku\u015fadas\u0131\u2019ndaki \u00f6zel hastaneden taburcu edilen hastan\u0131n \u00f6lm\u00fc\u015f oldu\u011fu ortaya \u00e7\u0131kt\u0131"},"content":{"rendered":"<p>Ayd\u0131n\u2019\u0131n Ku\u015fadas\u0131 il\u00e7esinde bulunan \u00d6zel G\u00f6zde Hastanesi\u2019nden taburcu edilen bir hastan\u0131n, iddiaya g\u00f6re, \u00f6l\u00fc vaziyette taburcu edildi\u011fine ili\u015fkin g\u00f6r\u00fcnt\u00fcler g\u00f6renleri \u015fa\u015f\u0131rtt\u0131. Dedesinin \u00f6lm\u00fc\u015f vaziyette taburcu edildi\u011fini fark eden \u015fahs\u0131n \u00e7ekip payla\u015ft\u0131\u011f\u0131 g\u00f6r\u00fcnt\u00fcler sosyal medyada yay\u0131l\u0131nca Sa\u011fl\u0131k Bakanl\u0131\u011f\u0131 ve Ayd\u0131n Valili\u011fi soru\u015fturma ba\u015flatt\u0131.<br \/>\n<br \/>Edinilen bilgiye g\u00f6re, rahats\u0131zl\u0131\u011f\u0131 dolay\u0131s\u0131yla Ku\u015fadas\u0131 \u00d6zel G\u00f6zde Hastanesi\u2019ne yat\u0131r\u0131lan 94 ya\u015f\u0131ndaki Recep Abbaslar\u2019\u0131n yak\u0131nlar\u0131n\u0131 arayan hastane g\u00f6revlileri, hastay\u0131 taburcu edeceklerini belirterek, ambulans ayarlamalar\u0131n\u0131 s\u00f6yledi. Bunun \u00fczerine \u00f6zel hastanenin ambulans \u00fccretini pahal\u0131 bularak d\u0131\u015fardan ambulans ayarlayan Recep Abbaslar\u2019\u0131n yak\u0131nlar\u0131 ambulansla hastaneye geldiler. \u00d6zel G\u00f6zde Hastanesi\u2019nden taburcu edilen dedeleri Recep Abbaslar\u2019\u0131n tekerlekli sandalyede adeta \u00e7uval gibi ba\u011fl\u0131 \u015fekilde durmas\u0131ndan \u015f\u00fcphelenen torunu Recep Levent Abbaslar, cep telefonu kameras\u0131 ile ya\u015fananlar\u0131 kaydetmeye ba\u015flad\u0131. Dedesinin \u00f6lm\u00fc\u015f halde taburcu edildi\u011fini fark edince hastanedeki sa\u011fl\u0131k g\u00f6revlilerinin dedesinin nabz\u0131n\u0131 kontrol etmesini isteyen Abbaslar\u2019\u0131n talebi \u00fczerine ya\u015fl\u0131 \u015fah\u0131s k\u0131rm\u0131z\u0131 kod ile g\u00f6t\u00fcr\u00fcld\u00fc. Kamera kay\u0131tlar\u0131na yans\u0131yan g\u00f6r\u00fcnt\u00fclerde, sa\u011fl\u0131k g\u00f6revlilerinin taburcu edilmek \u00fczere olan hastan\u0131n \u00f6lm\u00fc\u015f oldu\u011funu di\u011fer g\u00f6revlilere de bildirdi\u011fi duyuldu.<br \/>\n<br \/>Ya\u015fad\u0131klar\u0131 olay \u00fczerine a\u00e7\u0131klama yapan Recep Abbaslar\u2019\u0131n torunu Recep Levent Abbaslar, taburcu ettikleri dedesinin \u00f6lm\u00fc\u015f vaziyette hastaneden \u00e7\u0131kar\u0131lmak istendi\u011fini belirterek durumdan \u015fikayet\u00e7i olduklar\u0131n\u0131 s\u00f6yledi.<br \/>\n<br \/>Kameray\u0131 kendimi korumak i\u00e7in a\u00e7t\u0131m<br \/>\n<br \/>Son g\u00fcnlerde hastanelerde ya\u015fanan en k\u00fc\u00e7\u00fck bir olayda sa\u011fl\u0131k g\u00f6revlilerinin \u2018hekime ve sa\u011fl\u0131k\u00e7\u0131ya \u015fiddet\u2019 konusu ile \u015fikayet\u00e7i olmas\u0131ndan dolay\u0131 kendisini korumak ve savunmak i\u00e7in telefonunun kameras\u0131n\u0131 a\u00e7t\u0131\u011f\u0131n\u0131 belirten Recep Levent Abbaslar, Ku\u015fadas\u0131 G\u00f6zde Hastanesi\u2019nde hem hastalar\u0131n\u0131n \u00f6lm\u00fc\u015f vaziyette taburcu edilmek istendi\u011fini hem de kamaray\u0131 a\u00e7madan \u00f6nce \u00f6zel hastanedeki g\u00f6revlilerin \u015fiddete meyilli tav\u0131rlar\u0131ndan dolay\u0131 kendini korumak i\u00e7in kameray\u0131 a\u00e7t\u0131\u011f\u0131n\u0131 ve ortaya bu g\u00f6r\u00fcnt\u00fclerin \u00e7\u0131kt\u0131\u011f\u0131n\u0131 s\u00f6yledi.<br \/>\n<br \/>Olayla ilgili Sa\u011fl\u0131k Bakanl\u0131\u011f\u0131 ve Ayd\u0131n Valili\u011fi taraf\u0131ndan soru\u015fturma ba\u015flat\u0131ld\u0131\u011f\u0131 \u00f6\u011frenildi.<br \/><\/p>\n","protected":false},"excerpt":{"rendered":"<p>Ayd\u0131n\u2019\u0131n Ku\u015fadas\u0131 il\u00e7esinde bulunan \u00d6zel G\u00f6zde Hastanesi\u2019nden taburcu edilen bir hastan\u0131n, iddiaya g\u00f6re, \u00f6l\u00fc vaziyette taburcu edildi\u011fine ili\u015fkin g\u00f6r\u00fcnt\u00fcler g\u00f6renleri \u015fa\u015f\u0131rtt\u0131. Dedesinin \u00f6lm\u00fc\u015f vaziyette taburcu edildi\u011fini fark eden \u015fahs\u0131n \u00e7ekip payla\u015ft\u0131\u011f\u0131 g\u00f6r\u00fcnt\u00fcler sosyal medyada yay\u0131l\u0131nca Sa\u011fl\u0131k Bakanl\u0131\u011f\u0131 ve Ayd\u0131n Valili\u011fi soru\u015fturma ba\u015flatt\u0131. Edinilen bilgiye g\u00f6re, rahats\u0131zl\u0131\u011f\u0131 dolay\u0131s\u0131yla Ku\u015fadas\u0131 \u00d6zel G\u00f6zde Hastanesi\u2019ne yat\u0131r\u0131lan 94 ya\u015f\u0131ndaki Recep&#8230;<\/p>\n","protected":false},"author":1,"featured_media":17056,"comment_status":"open","ping_status":"open","sticky":false,"template":"","format":"standard","meta":{"_crdt_document":"","footnotes":""},"categories":[5],"tags":[],"class_list":["post-17055","post","type-post","status-publish","format-standard","has-post-thumbnail","hentry","category-asayis"],"_links":{"self":[{"href":"https:\/\/www.egemtv.com\/index.php?rest_route=\/wp\/v2\/posts\/17055","targetHints":{"allow":["GET"]}}],"collection":[{"href":"https:\/\/www.egemtv.com\/index.php?rest_route=\/wp\/v2\/posts"}],"about":[{"href":"https:\/\/www.egemtv.com\/index.php?rest_route=\/wp\/v2\/types\/post"}],"author":[{"embeddable":true,"href":"https:\/\/www.egemtv.com\/index.php?rest_route=\/wp\/v2\/users\/1"}],"replies":[{"embeddable":true,"href":"https:\/\/www.egemtv.com\/index.php?rest_route=%2Fwp%2Fv2%2Fcomments&post=17055"}],"version-history":[{"count":1,"href":"https:\/\/www.egemtv.com\/index.php?rest_route=\/wp\/v2\/posts\/17055\/revisions"}],"predecessor-version":[{"id":17057,"href":"https:\/\/www.egemtv.com\/index.php?rest_route=\/wp\/v2\/posts\/17055\/revisions\/17057"}],"wp:featuredmedia":[{"embeddable":true,"href":"https:\/\/www.egemtv.com\/index.php?rest_route=\/wp\/v2\/media\/17056"}],"wp:attachment":[{"href":"https:\/\/www.egemtv.com\/index.php?rest_route=%2Fwp%2Fv2%2Fmedia&parent=17055"}],"wp:term":[{"taxonomy":"category","embeddable":true,"href":"https:\/\/www.egemtv.com\/index.php?rest_route=%2Fwp%2Fv2%2Fcategories&post=17055"},{"taxonomy":"post_tag","embeddable":true,"href":"https:\/\/www.egemtv.com\/index.php?rest_route=%2Fwp%2Fv2%2Ftags&post=17055"}],"curies":[{"name":"wp","href":"https:\/\/api.w.org\/{rel}","templated":true}]}}