{"id":17052,"date":"2025-02-08T13:06:56","date_gmt":"2025-02-08T10:06:56","guid":{"rendered":"https:\/\/www.egemtv.com\/?p=17052"},"modified":"2025-02-08T13:06:59","modified_gmt":"2025-02-08T10:06:59","slug":"suc-orgutlerinin-adini-kullanarak-tehditte-bulunan-sahis-yakalandi","status":"publish","type":"post","link":"https:\/\/www.egemtv.com\/?p=17052","title":{"rendered":"Su\u00e7 \u00f6rg\u00fctlerinin ad\u0131n\u0131 kullanarak tehditte bulunan \u015fah\u0131s yakaland\u0131"},"content":{"rendered":"<p>Ayd\u0131n\u2019\u0131n Didim il\u00e7esinde jandarma ekipleri taraf\u0131ndan ger\u00e7ekle\u015ftirilen operasyonda \u2019su\u00e7 \u00f6rg\u00fctlerinin ismini kullanarak tehditte bulunma\u2019 su\u00e7undan aranan ve hakk\u0131nda 2 y\u0131l kesinle\u015fmi\u015f hapis cezas\u0131 bulunan \u015fah\u0131s yakaland\u0131.<br \/>\n<br \/>Ayd\u0131n\u2019da jandarma ekipleri vatanda\u015flar\u0131n huzur ve g\u00fcvenli\u011fi i\u00e7in \u00e7al\u0131\u015fmalar\u0131n\u0131 aral\u0131ks\u0131z s\u00fcrd\u00fcr\u00fcyor. Aranan \u015fah\u0131slara da g\u00f6z a\u00e7t\u0131rmayan jandarma ekipleri ba\u015far\u0131l\u0131 operasyonlar\u0131na bir yenisini daha ekledi. Edinilen bilgiye g\u00f6re, Ayd\u0131n \u0130l Jandarma Komutanl\u0131\u011f\u0131 TEM \u015eube M\u00fcd\u00fcrl\u00fc\u011f\u00fc ve Didim \u0130l\u00e7e Jandarma Komutanl\u0131\u011f\u0131 taraf\u0131ndan PKK\/KCK silahl\u0131 ter\u00f6r \u00f6rg\u00fct\u00fcn\u00fcn faaliyetlerinin \u00f6nlenmesi, de\u015fifre edilmesi ve yakalanmas\u0131na y\u00f6nelik \u00e7al\u0131\u015fma kapsam\u0131nda operasyon i\u00e7in d\u00fc\u011fmeye bas\u0131ld\u0131. \u2019Su\u00e7 \u00f6rg\u00fctlerinin ismini kullanarak tehditte bulunma\u2019 su\u00e7undan aranan ve hakk\u0131nda 2 y\u0131l kesinle\u015fmi\u015f hapis cezas\u0131 bulunan V.\u0130. isimli \u015fah\u0131s Akb\u00fck Mahallesi\u2019nde d\u00fczenlenen operasyon ile yakaland\u0131. V.\u0130. adli i\u015flemlerinin ard\u0131ndan cezaevine teslim edildi.<br \/><\/p>\n","protected":false},"excerpt":{"rendered":"<p>Ayd\u0131n\u2019\u0131n Didim il\u00e7esinde jandarma ekipleri taraf\u0131ndan ger\u00e7ekle\u015ftirilen operasyonda \u2019su\u00e7 \u00f6rg\u00fctlerinin ismini kullanarak tehditte bulunma\u2019 su\u00e7undan aranan ve hakk\u0131nda 2 y\u0131l kesinle\u015fmi\u015f hapis cezas\u0131 bulunan \u015fah\u0131s yakaland\u0131. Ayd\u0131n\u2019da jandarma ekipleri vatanda\u015flar\u0131n huzur ve g\u00fcvenli\u011fi i\u00e7in \u00e7al\u0131\u015fmalar\u0131n\u0131 aral\u0131ks\u0131z s\u00fcrd\u00fcr\u00fcyor. Aranan \u015fah\u0131slara da g\u00f6z a\u00e7t\u0131rmayan jandarma ekipleri ba\u015far\u0131l\u0131 operasyonlar\u0131na bir yenisini daha ekledi. Edinilen bilgiye g\u00f6re, Ayd\u0131n \u0130l&#8230;<\/p>\n","protected":false},"author":1,"featured_media":17053,"comment_status":"open","ping_status":"open","sticky":false,"template":"","format":"standard","meta":{"_crdt_document":"","footnotes":""},"categories":[5],"tags":[],"class_list":["post-17052","post","type-post","status-publish","format-standard","has-post-thumbnail","hentry","category-asayis"],"_links":{"self":[{"href":"https:\/\/www.egemtv.com\/index.php?rest_route=\/wp\/v2\/posts\/17052","targetHints":{"allow":["GET"]}}],"collection":[{"href":"https:\/\/www.egemtv.com\/index.php?rest_route=\/wp\/v2\/posts"}],"about":[{"href":"https:\/\/www.egemtv.com\/index.php?rest_route=\/wp\/v2\/types\/post"}],"author":[{"embeddable":true,"href":"https:\/\/www.egemtv.com\/index.php?rest_route=\/wp\/v2\/users\/1"}],"replies":[{"embeddable":true,"href":"https:\/\/www.egemtv.com\/index.php?rest_route=%2Fwp%2Fv2%2Fcomments&post=17052"}],"version-history":[{"count":1,"href":"https:\/\/www.egemtv.com\/index.php?rest_route=\/wp\/v2\/posts\/17052\/revisions"}],"predecessor-version":[{"id":17054,"href":"https:\/\/www.egemtv.com\/index.php?rest_route=\/wp\/v2\/posts\/17052\/revisions\/17054"}],"wp:featuredmedia":[{"embeddable":true,"href":"https:\/\/www.egemtv.com\/index.php?rest_route=\/wp\/v2\/media\/17053"}],"wp:attachment":[{"href":"https:\/\/www.egemtv.com\/index.php?rest_route=%2Fwp%2Fv2%2Fmedia&parent=17052"}],"wp:term":[{"taxonomy":"category","embeddable":true,"href":"https:\/\/www.egemtv.com\/index.php?rest_route=%2Fwp%2Fv2%2Fcategories&post=17052"},{"taxonomy":"post_tag","embeddable":true,"href":"https:\/\/www.egemtv.com\/index.php?rest_route=%2Fwp%2Fv2%2Ftags&post=17052"}],"curies":[{"name":"wp","href":"https:\/\/api.w.org\/{rel}","templated":true}]}}